{"id":38743,"date":"2018-01-26T06:20:55","date_gmt":"2018-01-26T09:20:55","guid":{"rendered":"http:\/\/caririemacao.com\/1\/?p=38743"},"modified":"2018-01-26T06:20:55","modified_gmt":"2018-01-26T09:20:55","slug":"juiz-do-df-manda-apreender-passaporte-do-ex-presidente-lula","status":"publish","type":"post","link":"https:\/\/www.caririemacao.com\/1\/2018\/01\/26\/juiz-do-df-manda-apreender-passaporte-do-ex-presidente-lula\/","title":{"rendered":"Juiz do DF manda apreender passaporte do ex-presidente Lula"},"content":{"rendered":"<p>O juiz federal Ricardo Leite, da 10\u00aa Vara Federal em Bras\u00edlia, determinou hoje (25) a apreens\u00e3o do passaporte do ex-presidente Luiz In\u00e1cio Lula da Silva, o que o impede de deixar o pa\u00eds.<\/p>\n<p>A medida foi solicitada pelo Minist\u00e9rio P\u00fablico Federal (MPF) em virtude de uma viagem que o ex-presidente faria amanh\u00e3 (26) \u00e0 Eti\u00f3pia para participar de um evento da Organiza\u00e7\u00e3o das Na\u00e7\u00f5es Unidas para Agricultura e Alimenta\u00e7\u00e3o (FAO). A \u00edntegra da decis\u00e3o ainda n\u00e3o foi divulgada.<\/p>\n<p>A Pol\u00edcia Federal informou que j\u00e1 recebeu a ordem de apreens\u00e3o do documento do ex-presidente. Em nota \u00e0 imprensa, o Minist\u00e9rio da Justi\u00e7a informou que, ap\u00f3s ser comunicado sobre\u00a0a decis\u00e3o da Justi\u00e7a pelo diretor-geral da PF, Fernando Seg\u00f3via, o ministro\u00a0da Justi\u00e7a, Torquato Jardim, orientou que a intima\u00e7\u00e3o de Lula seja feita na casa dele\u00a0\u201cde modo a evitar constrangimentos\u201d.<\/p>\n<p>No dia (24), o Tribunal Regional Federal da 4 \u00aa Regi\u00e3o (TRF4) confirmou a condena\u00e7\u00e3o de Lula na a\u00e7\u00e3o penal envolvendo o triplex no Guaruj\u00e1 (SP) e aumentou a pena do ex-presidente para 12 anos e um m\u00eas de pris\u00e3o.<\/p>\n<p>Embora o cumprimento da pena n\u00e3o seja imediato, em fun\u00e7\u00e3o do cabimento de mais um recurso, o MPF entendeu que a viagem do ex-presidente poderia trazer riscos para investiga\u00e7\u00e3o, como a fuga do pa\u00eds. Antes da decis\u00e3o de Ricardo Leite, a viagem de Lula foi comunicada \u00e0 Justi\u00e7a Federal.<\/p>\n<p>A medida cautelar foi autorizada no \u00e2mbito do processo em que Lula \u00e9 acusado na Justi\u00e7a do Distrito Federal do crime de tr\u00e1fico de influ\u00eancia na compra, pelo governo federal, de ca\u00e7as da For\u00e7a A\u00e9rea Brasileira (FAB) da empresa sueca Saab.<\/p>\n<p><strong>Outro lado<\/strong><\/p>\n<p>Em nota, o advogado de Lula, Cristiano Zanin Martins, informou que o passaporte de Lula ser\u00e1 entregue \u00e0 Pol\u00edcia Federal na manh\u00e3 desta sexta-feira (26), mas que tomar\u00e1 \u201cmedidas cab\u00edveis\u201d para reverter a liminar. Ele se disse \u201cestarrecido\u201d com a decis\u00e3o que pro\u00edbe o ex-presidente de deixar o pa\u00eds e ainda determina a apreens\u00e3o de seu passaporte.<\/p>\n<p>Segundo o defensor, o juiz Ricardo Leite fundamentou a liminar com base em processo que n\u00e3o est\u00e1 sob sua jurisdi\u00e7\u00e3o, citando a apela\u00e7\u00e3o do caso do tr\u00edplex do Guaruj\u00e1 (SP). \u201cO TRF4 havia sido informado sobre a viagem e n\u00e3o op\u00f4s qualquer restri\u00e7\u00e3o\u201d, assegurou. O retorno do ex-presidente ao Brasil ocorreria na pr\u00f3xima segunda-feira (29)<\/p>\n<p>Ainda de acordo com Cristiano Zanin, \u201cLula tem assegurado pela Constitui\u00e7\u00e3o Federal o direito de ir e vir (CF, art. 5\u00ba, XV), o qual somente pode ser restringido na hip\u00f3tese de decis\u00e3o condenat\u00f3ria transitada em julgado, da qual n\u00e3o caiba qualquer recurso, o que n\u00e3o existe, e acreditamos que n\u00e3o existir\u00e1 porque ele n\u00e3o praticou qualquer crime\u201d.<\/p>\n<p><strong>CARIRI EM A\u00c7\u00c3O<\/strong><\/p>\n<p><em>Com Ebc\/Foto: Reprodu\u00e7\u00e3o google<\/em><\/p>\n<p><strong>Leia mais not\u00edcias em\u00a0<\/strong><a href=\"http:\/\/www.caririemacao.com\/\"><strong>caririemacao.com<\/strong><\/a><strong>, siga nossa p\u00e1gina no\u00a0<\/strong><a href=\"https:\/\/www.facebook.com\/CaririEmAcao\/?ref=aymt_homepage_panel\"><strong>Facebook<\/strong><\/a>,<strong>\u00a0<\/strong><a href=\"https:\/\/www.instagram.com\/cariri_em_acao\/?hl=pt-br\"><strong>Instagram<\/strong><\/a><strong>\u00a0e\u00a0<\/strong><a href=\"https:\/\/www.youtube.com\/channel\/UCAptA0jQuYQy8vMhLt2m4qg\"><strong>Youtube<\/strong><\/a><strong>\u00a0e veja nossas mat\u00e9rias, v\u00eddeos e fotos. Voc\u00ea tamb\u00e9m pode enviar informa\u00e7\u00f5es \u00e0 Reda\u00e7\u00e3o do Portal Cariri em A\u00e7\u00e3o pelo WhatsApp (83) 9 9634.5791, (83) 9 9601-1162.<\/strong><\/p>\n","protected":false},"excerpt":{"rendered":"<p>O juiz federal Ricardo Leite, da 10\u00aa Vara Federal em Bras\u00edlia, determinou hoje (25) a apreens\u00e3o do passaporte do ex-presidente Luiz In\u00e1cio Lula da Silva,&hellip; <\/p>\n","protected":false},"author":2,"featured_media":18647,"comment_status":"closed","ping_status":"closed","sticky":false,"template":"","format":"standard","meta":{"sfsi_plus_gutenberg_text_before_share":"","sfsi_plus_gutenberg_show_text_before_share":"","sfsi_plus_gutenberg_icon_type":"","sfsi_plus_gutenberg_icon_alignemt":"","sfsi_plus_gutenburg_max_per_row":"","footnotes":""},"categories":[11],"tags":[],"class_list":["post-38743","post","type-post","status-publish","format-standard","has-post-thumbnail","hentry","category-politica"],"_links":{"self":[{"href":"https:\/\/www.caririemacao.com\/1\/wp-json\/wp\/v2\/posts\/38743","targetHints":{"allow":["GET"]}}],"collection":[{"href":"https:\/\/www.caririemacao.com\/1\/wp-json\/wp\/v2\/posts"}],"about":[{"href":"https:\/\/www.caririemacao.com\/1\/wp-json\/wp\/v2\/types\/post"}],"author":[{"embeddable":true,"href":"https:\/\/www.caririemacao.com\/1\/wp-json\/wp\/v2\/users\/2"}],"replies":[{"embeddable":true,"href":"https:\/\/www.caririemacao.com\/1\/wp-json\/wp\/v2\/comments?post=38743"}],"version-history":[{"count":0,"href":"https:\/\/www.caririemacao.com\/1\/wp-json\/wp\/v2\/posts\/38743\/revisions"}],"wp:featuredmedia":[{"embeddable":true,"href":"https:\/\/www.caririemacao.com\/1\/wp-json\/wp\/v2\/media\/18647"}],"wp:attachment":[{"href":"https:\/\/www.caririemacao.com\/1\/wp-json\/wp\/v2\/media?parent=38743"}],"wp:term":[{"taxonomy":"category","embeddable":true,"href":"https:\/\/www.caririemacao.com\/1\/wp-json\/wp\/v2\/categories?post=38743"},{"taxonomy":"post_tag","embeddable":true,"href":"https:\/\/www.caririemacao.com\/1\/wp-json\/wp\/v2\/tags?post=38743"}],"curies":[{"name":"wp","href":"https:\/\/api.w.org\/{rel}","templated":true}]}}