{"id":38753,"date":"2018-01-26T06:32:04","date_gmt":"2018-01-26T09:32:04","guid":{"rendered":"http:\/\/caririemacao.com\/1\/?p=38753"},"modified":"2018-01-26T06:32:04","modified_gmt":"2018-01-26T09:32:04","slug":"subtenente-da-policia-militar-e-suspeito-de-matar-esposa-a-tiros-na-paraiba","status":"publish","type":"post","link":"https:\/\/www.caririemacao.com\/1\/2018\/01\/26\/subtenente-da-policia-militar-e-suspeito-de-matar-esposa-a-tiros-na-paraiba\/","title":{"rendered":"Subtenente da Pol\u00edcia Militar \u00e9 suspeito de matar esposa a tiros na Para\u00edba"},"content":{"rendered":"<p>Uma mulher foi morta a tiros na manh\u00e3 desta quinta-feira (25) em Itaporanga, no Sert\u00e3o da Para\u00edba. De acordo com testemunhas, o crime ocorreu por volta das 10h.<\/p>\n<p>Jaqueline Fabr\u00edcia Ara\u00fajo Paulo ainda chegou a ser socorrida para o hospital da cidade, mas n\u00e3o resistiu aos ferimentos e morreu quando era transferida para o Hospital Regional de Patos.<\/p>\n<p>O suspeito da autoria do crime seria o marido da v\u00edtima, um subtenente da Pol\u00edcia Militar.<\/p>\n<p>De acordo com informa\u00e7\u00f5es, o suspeito alega que o tiro foi acidental.<\/p>\n<p><strong>CARIRI EM A\u00c7\u00c3O<\/strong><\/p>\n<p><em>Com PB Hoje\/Foto:\u00a0PB Hoje<\/em><\/p>\n<p><strong>Leia mais not\u00edcias em\u00a0<\/strong><a href=\"http:\/\/www.caririemacao.com\/\"><strong>caririemacao.com<\/strong><\/a><strong>, siga nossa p\u00e1gina no\u00a0<\/strong><a href=\"https:\/\/www.facebook.com\/CaririEmAcao\/?ref=aymt_homepage_panel\"><strong>Facebook<\/strong><\/a>,<strong>\u00a0<\/strong><a href=\"https:\/\/www.instagram.com\/cariri_em_acao\/?hl=pt-br\"><strong>Instagram<\/strong><\/a><strong>\u00a0e\u00a0<\/strong><a href=\"https:\/\/www.youtube.com\/channel\/UCAptA0jQuYQy8vMhLt2m4qg\"><strong>Youtube<\/strong><\/a><strong>\u00a0e veja nossas mat\u00e9rias, v\u00eddeos e fotos. Voc\u00ea tamb\u00e9m pode enviar informa\u00e7\u00f5es \u00e0 Reda\u00e7\u00e3o do Portal Cariri em A\u00e7\u00e3o pelo WhatsApp (83) 9 9634.5791, (83) 9 9601-1162.<\/strong><\/p>\n","protected":false},"excerpt":{"rendered":"<p>Uma mulher foi morta a tiros na manh\u00e3 desta quinta-feira (25) em Itaporanga, no Sert\u00e3o da Para\u00edba. De acordo com testemunhas, o crime ocorreu por&hellip; <\/p>\n","protected":false},"author":2,"featured_media":38754,"comment_status":"closed","ping_status":"closed","sticky":false,"template":"","format":"standard","meta":{"sfsi_plus_gutenberg_text_before_share":"","sfsi_plus_gutenberg_show_text_before_share":"","sfsi_plus_gutenberg_icon_type":"","sfsi_plus_gutenberg_icon_alignemt":"","sfsi_plus_gutenburg_max_per_row":"","footnotes":""},"categories":[12],"tags":[],"class_list":["post-38753","post","type-post","status-publish","format-standard","has-post-thumbnail","hentry","category-policia"],"_links":{"self":[{"href":"https:\/\/www.caririemacao.com\/1\/wp-json\/wp\/v2\/posts\/38753","targetHints":{"allow":["GET"]}}],"collection":[{"href":"https:\/\/www.caririemacao.com\/1\/wp-json\/wp\/v2\/posts"}],"about":[{"href":"https:\/\/www.caririemacao.com\/1\/wp-json\/wp\/v2\/types\/post"}],"author":[{"embeddable":true,"href":"https:\/\/www.caririemacao.com\/1\/wp-json\/wp\/v2\/users\/2"}],"replies":[{"embeddable":true,"href":"https:\/\/www.caririemacao.com\/1\/wp-json\/wp\/v2\/comments?post=38753"}],"version-history":[{"count":0,"href":"https:\/\/www.caririemacao.com\/1\/wp-json\/wp\/v2\/posts\/38753\/revisions"}],"wp:featuredmedia":[{"embeddable":true,"href":"https:\/\/www.caririemacao.com\/1\/wp-json\/wp\/v2\/media\/38754"}],"wp:attachment":[{"href":"https:\/\/www.caririemacao.com\/1\/wp-json\/wp\/v2\/media?parent=38753"}],"wp:term":[{"taxonomy":"category","embeddable":true,"href":"https:\/\/www.caririemacao.com\/1\/wp-json\/wp\/v2\/categories?post=38753"},{"taxonomy":"post_tag","embeddable":true,"href":"https:\/\/www.caririemacao.com\/1\/wp-json\/wp\/v2\/tags?post=38753"}],"curies":[{"name":"wp","href":"https:\/\/api.w.org\/{rel}","templated":true}]}}