{"id":38756,"date":"2018-01-26T06:41:23","date_gmt":"2018-01-26T09:41:23","guid":{"rendered":"http:\/\/caririemacao.com\/1\/?p=38756"},"modified":"2018-01-26T06:41:23","modified_gmt":"2018-01-26T09:41:23","slug":"justica-do-df-nega-prisao-domiciliar-a-maluf","status":"publish","type":"post","link":"https:\/\/www.caririemacao.com\/1\/2018\/01\/26\/justica-do-df-nega-prisao-domiciliar-a-maluf\/","title":{"rendered":"Justi\u00e7a do DF nega pris\u00e3o domiciliar a Maluf"},"content":{"rendered":"<p>O Tribunal de Justi\u00e7a do Distrito Federal (TJDF) decidiu na quinta-feira (25) manter a decis\u00e3o que rejeitou pedido de pris\u00e3o domiciliar feito pela defesa do deputado Paulo Maluf (PP-SP). O deputado cumpre pena definitiva de sete anos e nove meses na Penitenci\u00e1ria da Papuda pelo crime de lavagem de dinheiro. A pena foi definida pelo Supremo Tribunal Federal (STF).<\/p>\n<p>No despacho, o desembargador Jesu\u00edno Aparecido negou recurso protocolado pela defesa do deputado por entender que n\u00e3o houve ilegalidade na decis\u00e3o do juiz Bruno Aielo Macacari, da Vara de Execu\u00e7\u00f5es Penais (VEP), que rejeitou a pris\u00e3o domiciliar.<\/p>\n<p>\u201cNesse cen\u00e1rio, nos estreitos limites de an\u00e1lise prefacial do pedido liminar, n\u00e3o h\u00e1 como reconhecer a ilegalidade ou abusividade da decis\u00e3o, ora apontada pelo impetrante como ilegal, pois seria necess\u00e1rio apreciar quest\u00f5es referentes ao m\u00e9rito do pleito vindicado\u201d, decidiu o magistrado.<\/p>\n<p>Na decis\u00e3o, o juiz argumentou que\u00a0o parlamentar pode cumprir a pena na Papuda mesmo diante de seu quadro de sa\u00fade. No entendimento do magistrado, a penitenci\u00e1ria tem condi\u00e7\u00f5es de oferecer tratamento emergencial a Maluf, caso seja solicitado.<\/p>\n<p>Maluf foi condenado por receber propina em contratos p\u00fablicos com as empreiteiras Mendes J\u00fanior e OAS quando era prefeito de S\u00e3o Paulo (1993-1996). Os recursos teriam sido desviados da constru\u00e7\u00e3o da Avenida \u00c1gua Espraiada, hoje chamada Avenida Roberto Marinho. O custo total da obra foi cerca de R$ 800 milh\u00f5es.<\/p>\n<p>As investiga\u00e7\u00f5es se arrastaram por mais de 10 anos, desde a instaura\u00e7\u00e3o do primeiro inqu\u00e9rito, ainda na primeira inst\u00e2ncia da Justi\u00e7a. Os procuradores do Minist\u00e9rio P\u00fablico estimaram em US$ 170 milh\u00f5es a movimenta\u00e7\u00e3o total de recursos il\u00edcitos. O Supremo assumiu o caso ap\u00f3s a elei\u00e7\u00e3o de Maluf como deputado federal.<\/p>\n<p><strong>CARIRI EM A\u00c7\u00c3O<\/strong><\/p>\n<p><em>Com Congresso em foco\/Foto:\u00a0Congresso em foco<\/em><\/p>\n<p><strong>Leia mais not\u00edcias em\u00a0<\/strong><a href=\"http:\/\/www.caririemacao.com\/\"><strong>caririemacao.com<\/strong><\/a><strong>, siga nossa p\u00e1gina no\u00a0<\/strong><a href=\"https:\/\/www.facebook.com\/CaririEmAcao\/?ref=aymt_homepage_panel\"><strong>Facebook<\/strong><\/a>,<strong>\u00a0<\/strong><a href=\"https:\/\/www.instagram.com\/cariri_em_acao\/?hl=pt-br\"><strong>Instagram<\/strong><\/a><strong>\u00a0e\u00a0<\/strong><a href=\"https:\/\/www.youtube.com\/channel\/UCAptA0jQuYQy8vMhLt2m4qg\"><strong>Youtube<\/strong><\/a><strong>\u00a0e veja nossas mat\u00e9rias, v\u00eddeos e fotos. Voc\u00ea tamb\u00e9m pode enviar informa\u00e7\u00f5es \u00e0 Reda\u00e7\u00e3o do Portal Cariri em A\u00e7\u00e3o pelo WhatsApp (83) 9 9634.5791, (83) 9 9601-1162.<\/strong><\/p>\n","protected":false},"excerpt":{"rendered":"<p>O Tribunal de Justi\u00e7a do Distrito Federal (TJDF) decidiu na quinta-feira (25) manter a decis\u00e3o que rejeitou pedido de pris\u00e3o domiciliar feito pela defesa do&hellip; <\/p>\n","protected":false},"author":2,"featured_media":38757,"comment_status":"closed","ping_status":"closed","sticky":false,"template":"","format":"standard","meta":{"sfsi_plus_gutenberg_text_before_share":"","sfsi_plus_gutenberg_show_text_before_share":"","sfsi_plus_gutenberg_icon_type":"","sfsi_plus_gutenberg_icon_alignemt":"","sfsi_plus_gutenburg_max_per_row":"","footnotes":""},"categories":[11],"tags":[],"class_list":["post-38756","post","type-post","status-publish","format-standard","has-post-thumbnail","hentry","category-politica"],"_links":{"self":[{"href":"https:\/\/www.caririemacao.com\/1\/wp-json\/wp\/v2\/posts\/38756","targetHints":{"allow":["GET"]}}],"collection":[{"href":"https:\/\/www.caririemacao.com\/1\/wp-json\/wp\/v2\/posts"}],"about":[{"href":"https:\/\/www.caririemacao.com\/1\/wp-json\/wp\/v2\/types\/post"}],"author":[{"embeddable":true,"href":"https:\/\/www.caririemacao.com\/1\/wp-json\/wp\/v2\/users\/2"}],"replies":[{"embeddable":true,"href":"https:\/\/www.caririemacao.com\/1\/wp-json\/wp\/v2\/comments?post=38756"}],"version-history":[{"count":0,"href":"https:\/\/www.caririemacao.com\/1\/wp-json\/wp\/v2\/posts\/38756\/revisions"}],"wp:featuredmedia":[{"embeddable":true,"href":"https:\/\/www.caririemacao.com\/1\/wp-json\/wp\/v2\/media\/38757"}],"wp:attachment":[{"href":"https:\/\/www.caririemacao.com\/1\/wp-json\/wp\/v2\/media?parent=38756"}],"wp:term":[{"taxonomy":"category","embeddable":true,"href":"https:\/\/www.caririemacao.com\/1\/wp-json\/wp\/v2\/categories?post=38756"},{"taxonomy":"post_tag","embeddable":true,"href":"https:\/\/www.caririemacao.com\/1\/wp-json\/wp\/v2\/tags?post=38756"}],"curies":[{"name":"wp","href":"https:\/\/api.w.org\/{rel}","templated":true}]}}