{"id":38759,"date":"2018-01-26T06:46:20","date_gmt":"2018-01-26T09:46:20","guid":{"rendered":"http:\/\/caririemacao.com\/1\/?p=38759"},"modified":"2018-01-26T06:46:20","modified_gmt":"2018-01-26T09:46:20","slug":"pm-aborda-grupo-com-drogas-e-arma-de-fogo-no-cariri","status":"publish","type":"post","link":"https:\/\/www.caririemacao.com\/1\/2018\/01\/26\/pm-aborda-grupo-com-drogas-e-arma-de-fogo-no-cariri\/","title":{"rendered":"PM aborda grupo com drogas e arma de fogo no Cariri"},"content":{"rendered":"<p>Dois homens foram presos e dois jovens apreendidos por tr\u00e1fico de drogas, forma\u00e7\u00e3o de quadrilha e corrup\u00e7\u00e3o de menor na tarde da quarta-feira (24) na cidade de Juazeirinho. Durante a a\u00e7\u00e3o, a pol\u00edcia apreendeu uma arma de fogo de fabrica\u00e7\u00e3o artesanal ( espingarda cal. 38), subst\u00e2ncias similar a cocaina , maconha, crack, al\u00e9m de dinheiro em esp\u00e9cie<\/p>\n<p>Os materiais encontrados na abordagem foram: uma espingarda de fabrica\u00e7\u00e3o caseira cal 38 com quatro muni\u00e7\u00f5es cal. 38 e 32 intactas, 73 embalagens de subst\u00e2ncia similar a maconha; 71 pedras de crack; 22 sacos com subst\u00e2ncia semelhante a coca\u00edna;al\u00e9m de R$ 20,30 e tr\u00eas sacos de muni\u00e7\u00e3o calibre 38.<\/p>\n<p>A Pol\u00edcia descobriu o crime quando realizava rondas pela cidade e notou uma grande movimenta\u00e7\u00e3o de pessoas em uma resid\u00eancia. Ao serem localizados, os suspeitos jogaram pela janela uma sacola contendo dentro uma subst\u00e2ncias similar a maconha, crack e coca\u00edna.<\/p>\n<p>Katriel Nunes de Souza, 22 anos, e Ericlecio Walis Ara\u00fajo, 27 anos, foram presos e os outros dois integrantes do grupo de 17 e 15 anos foram apreendidos.<\/p>\n<p>Todos foram encaminhados \u00e0 delegacia da cidade para as medidas cab\u00edveis.<\/p>\n<p><strong>CARIRI EM A\u00c7\u00c3O<\/strong><\/p>\n<p><em>Com Cariri Ligado\/Foto:\u00a0Cariri Ligado<\/em><\/p>\n<p><strong>Leia mais not\u00edcias em\u00a0<\/strong><a href=\"http:\/\/www.caririemacao.com\/\"><strong>caririemacao.com<\/strong><\/a><strong>, siga nossa p\u00e1gina no\u00a0<\/strong><a href=\"https:\/\/www.facebook.com\/CaririEmAcao\/?ref=aymt_homepage_panel\"><strong>Facebook<\/strong><\/a>,<strong>\u00a0<\/strong><a href=\"https:\/\/www.instagram.com\/cariri_em_acao\/?hl=pt-br\"><strong>Instagram<\/strong><\/a><strong>\u00a0e\u00a0<\/strong><a href=\"https:\/\/www.youtube.com\/channel\/UCAptA0jQuYQy8vMhLt2m4qg\"><strong>Youtube<\/strong><\/a><strong>\u00a0e veja nossas mat\u00e9rias, v\u00eddeos e fotos. Voc\u00ea tamb\u00e9m pode enviar informa\u00e7\u00f5es \u00e0 Reda\u00e7\u00e3o do Portal Cariri em A\u00e7\u00e3o pelo WhatsApp (83) 9 9634.5791, (83) 9 9601-1162.<\/strong><\/p>\n","protected":false},"excerpt":{"rendered":"<p>Dois homens foram presos e dois jovens apreendidos por tr\u00e1fico de drogas, forma\u00e7\u00e3o de quadrilha e corrup\u00e7\u00e3o de menor na tarde da quarta-feira (24) na&hellip; <\/p>\n","protected":false},"author":2,"featured_media":38760,"comment_status":"closed","ping_status":"closed","sticky":false,"template":"","format":"standard","meta":{"sfsi_plus_gutenberg_text_before_share":"","sfsi_plus_gutenberg_show_text_before_share":"","sfsi_plus_gutenberg_icon_type":"","sfsi_plus_gutenberg_icon_alignemt":"","sfsi_plus_gutenburg_max_per_row":"","footnotes":""},"categories":[12],"tags":[],"class_list":["post-38759","post","type-post","status-publish","format-standard","has-post-thumbnail","hentry","category-policia"],"_links":{"self":[{"href":"https:\/\/www.caririemacao.com\/1\/wp-json\/wp\/v2\/posts\/38759","targetHints":{"allow":["GET"]}}],"collection":[{"href":"https:\/\/www.caririemacao.com\/1\/wp-json\/wp\/v2\/posts"}],"about":[{"href":"https:\/\/www.caririemacao.com\/1\/wp-json\/wp\/v2\/types\/post"}],"author":[{"embeddable":true,"href":"https:\/\/www.caririemacao.com\/1\/wp-json\/wp\/v2\/users\/2"}],"replies":[{"embeddable":true,"href":"https:\/\/www.caririemacao.com\/1\/wp-json\/wp\/v2\/comments?post=38759"}],"version-history":[{"count":0,"href":"https:\/\/www.caririemacao.com\/1\/wp-json\/wp\/v2\/posts\/38759\/revisions"}],"wp:featuredmedia":[{"embeddable":true,"href":"https:\/\/www.caririemacao.com\/1\/wp-json\/wp\/v2\/media\/38760"}],"wp:attachment":[{"href":"https:\/\/www.caririemacao.com\/1\/wp-json\/wp\/v2\/media?parent=38759"}],"wp:term":[{"taxonomy":"category","embeddable":true,"href":"https:\/\/www.caririemacao.com\/1\/wp-json\/wp\/v2\/categories?post=38759"},{"taxonomy":"post_tag","embeddable":true,"href":"https:\/\/www.caririemacao.com\/1\/wp-json\/wp\/v2\/tags?post=38759"}],"curies":[{"name":"wp","href":"https:\/\/api.w.org\/{rel}","templated":true}]}}