{"id":38765,"date":"2018-01-26T06:55:24","date_gmt":"2018-01-26T09:55:24","guid":{"rendered":"http:\/\/caririemacao.com\/1\/?p=38765"},"modified":"2018-01-26T06:55:24","modified_gmt":"2018-01-26T09:55:24","slug":"ricardo-lanca-ciclo-do-orcamento-democratico-na-proxima-segunda","status":"publish","type":"post","link":"https:\/\/www.caririemacao.com\/1\/2018\/01\/26\/ricardo-lanca-ciclo-do-orcamento-democratico-na-proxima-segunda\/","title":{"rendered":"Ricardo lan\u00e7a ciclo do Or\u00e7amento Democr\u00e1tico na pr\u00f3xima segunda"},"content":{"rendered":"<p>O governador Ricardo Coutinho lan\u00e7a oficialmente nesta segunda-feira (29), \u00e0s 10h, em solenidade no sal\u00e3o nobre do Pal\u00e1cio da Reden\u00e7\u00e3o, em Jo\u00e3o Pessoa, o calend\u00e1rio do ciclo de audi\u00eancias p\u00fablicas regionais do Or\u00e7amento Democr\u00e1tico Estadual \u2013 2018. A solenidade abre o calend\u00e1rio de 17 grandes plen\u00e1rias, que se inicia em 1\u00ba de fevereiro e segue at\u00e9 o m\u00eas de abril.<\/p>\n<p>As regi\u00f5es de Itaporanga, Cajazeiras, Sousa, Catol\u00e9 do Rocha, Pombal, Princesa Isabel, Patos, Tapero\u00e1, Sum\u00e9, Guarabira, Cuit\u00e9, Itabaiana, Esperan\u00e7a, Sol\u00e2nea, Mamanguape, Campina Grande e Jo\u00e3o Pessoa sediar\u00e3o as plen\u00e1rias nas quais o governador Ricardo Coutinho prestar\u00e1 contas das a\u00e7\u00f5es desenvolvidas pelo governo ao longo desses oito ciclos e ouvir\u00e1 as reivindica\u00e7\u00f5es da popula\u00e7\u00e3o.<\/p>\n<p>Em cada plen\u00e1ria a popula\u00e7\u00e3o ter\u00e1 a oportunidade de eleger at\u00e9 tr\u00eas prioridades de investimentos para a regi\u00e3o e ainda reivindicar, reclamar, elogiar e apontar a\u00e7\u00f5es que poder\u00e3o ser implantadas e\/ou reformuladas para a melhoria da qualidade e da presta\u00e7\u00e3o dos servi\u00e7os oferecidos pelo Governo do Estado em cada regi\u00e3o. Ser\u00e1 um momento de di\u00e1logo direto, aberto e democr\u00e1tico com o governador Ricardo Coutinho e equipe de governo.<\/p>\n<p>As audi\u00eancias p\u00fablicas do Or\u00e7amento Democr\u00e1tico Estadual devem reunir representantes dos 223 munic\u00edpios paraibanos, al\u00e9m dos conselheiros do ODE, entidades e autoridades locais. O OD Estadual j\u00e1 envolveu a participa\u00e7\u00e3o de mais de 243 mil pessoas ao longo desses sete anos de gest\u00e3o e elegeu, recentemente, cerca de 500 conselheiros, representantes das 14 regi\u00f5es geoadministrativas do Estado.<\/p>\n<p><strong>CARIRI EM A\u00c7\u00c3O<\/strong><\/p>\n<p><em>Com PB Agora\/Foto: Reprodu\u00e7\u00e3o google<\/em><\/p>\n<p><strong>Leia mais not\u00edcias em\u00a0<\/strong><a href=\"http:\/\/www.caririemacao.com\/\"><strong>caririemacao.com<\/strong><\/a><strong>, siga nossa p\u00e1gina no\u00a0<\/strong><a href=\"https:\/\/www.facebook.com\/CaririEmAcao\/?ref=aymt_homepage_panel\"><strong>Facebook<\/strong><\/a>,<strong>\u00a0<\/strong><a href=\"https:\/\/www.instagram.com\/cariri_em_acao\/?hl=pt-br\"><strong>Instagram<\/strong><\/a><strong>\u00a0e\u00a0<\/strong><a href=\"https:\/\/www.youtube.com\/channel\/UCAptA0jQuYQy8vMhLt2m4qg\"><strong>Youtube<\/strong><\/a><strong>\u00a0e veja nossas mat\u00e9rias, v\u00eddeos e fotos. Voc\u00ea tamb\u00e9m pode enviar informa\u00e7\u00f5es \u00e0 Reda\u00e7\u00e3o do Portal Cariri em A\u00e7\u00e3o pelo WhatsApp (83) 9 9634.5791, (83) 9 9601-1162.<\/strong><\/p>\n","protected":false},"excerpt":{"rendered":"<p>O governador Ricardo Coutinho lan\u00e7a oficialmente nesta segunda-feira (29), \u00e0s 10h, em solenidade no sal\u00e3o nobre do Pal\u00e1cio da Reden\u00e7\u00e3o, em Jo\u00e3o Pessoa, o calend\u00e1rio&hellip; <\/p>\n","protected":false},"author":2,"featured_media":38766,"comment_status":"closed","ping_status":"closed","sticky":false,"template":"","format":"standard","meta":{"sfsi_plus_gutenberg_text_before_share":"","sfsi_plus_gutenberg_show_text_before_share":"","sfsi_plus_gutenberg_icon_type":"","sfsi_plus_gutenberg_icon_alignemt":"","sfsi_plus_gutenburg_max_per_row":"","footnotes":""},"categories":[2],"tags":[],"class_list":["post-38765","post","type-post","status-publish","format-standard","has-post-thumbnail","hentry","category-geral"],"_links":{"self":[{"href":"https:\/\/www.caririemacao.com\/1\/wp-json\/wp\/v2\/posts\/38765","targetHints":{"allow":["GET"]}}],"collection":[{"href":"https:\/\/www.caririemacao.com\/1\/wp-json\/wp\/v2\/posts"}],"about":[{"href":"https:\/\/www.caririemacao.com\/1\/wp-json\/wp\/v2\/types\/post"}],"author":[{"embeddable":true,"href":"https:\/\/www.caririemacao.com\/1\/wp-json\/wp\/v2\/users\/2"}],"replies":[{"embeddable":true,"href":"https:\/\/www.caririemacao.com\/1\/wp-json\/wp\/v2\/comments?post=38765"}],"version-history":[{"count":0,"href":"https:\/\/www.caririemacao.com\/1\/wp-json\/wp\/v2\/posts\/38765\/revisions"}],"wp:featuredmedia":[{"embeddable":true,"href":"https:\/\/www.caririemacao.com\/1\/wp-json\/wp\/v2\/media\/38766"}],"wp:attachment":[{"href":"https:\/\/www.caririemacao.com\/1\/wp-json\/wp\/v2\/media?parent=38765"}],"wp:term":[{"taxonomy":"category","embeddable":true,"href":"https:\/\/www.caririemacao.com\/1\/wp-json\/wp\/v2\/categories?post=38765"},{"taxonomy":"post_tag","embeddable":true,"href":"https:\/\/www.caririemacao.com\/1\/wp-json\/wp\/v2\/tags?post=38765"}],"curies":[{"name":"wp","href":"https:\/\/api.w.org\/{rel}","templated":true}]}}