{"id":38768,"date":"2018-01-26T07:02:06","date_gmt":"2018-01-26T10:02:06","guid":{"rendered":"http:\/\/caririemacao.com\/1\/?p=38768"},"modified":"2018-01-26T07:02:06","modified_gmt":"2018-01-26T10:02:06","slug":"condenacao-de-lula-deixa-disputa-ao-planalto-mais-acirrada-e-incerta","status":"publish","type":"post","link":"https:\/\/www.caririemacao.com\/1\/2018\/01\/26\/condenacao-de-lula-deixa-disputa-ao-planalto-mais-acirrada-e-incerta\/","title":{"rendered":"Condena\u00e7\u00e3o de Lula deixa disputa ao Planalto mais acirrada e incerta"},"content":{"rendered":"<p>A decis\u00e3o do Tribunal Regional Federal da 4\u00aa Regi\u00e3o (TRF-4) de\u00a0manter a condena\u00e7\u00e3o do ex-presidente Luiz In\u00e1cio Lula da Silva\u00a0pelos crimes de corrup\u00e7\u00e3o e lavagem de dinheiro tem impacto direto sobre a\u00a0disputa \u00e0 Presid\u00eancia da Rep\u00fablica nas elei\u00e7\u00f5es deste ano. Enquanto o petista \u00e9 o pr\u00e9-candidato mais prejudicado pelo julgamento, outros aspirantes ao cargo come\u00e7am a tra\u00e7ar estrat\u00e9gias para a campanha de 2018 e tentam diminuir a rejei\u00e7\u00e3o do p\u00fablico quanto \u00e0 classe pol\u00edtica.<\/p>\n<p>\u201cDevemos ter uma campanha feroz neste ano. Mais ainda do que na corrida eleitoral de 2014\u201d, avalia o cientista pol\u00edtico e professor da Universidade de Bras\u00edlia (UnB) Everaldo Moraes. Para o pesquisador, ainda \u00e9 dif\u00edcil determinar o que vai acontecer na\u00a0pr\u00f3xima elei\u00e7\u00e3o, pois, com a condena\u00e7\u00e3o de Lula e o enfraquecimento de candidatos mais tradicionais, ainda n\u00e3o \u00e9 poss\u00edvel perceber como as for\u00e7as pol\u00edticas v\u00e3o se articular para a disputa.<\/p>\n<p>No entanto, a esquerda e, principalmente, o Partido dos Trabalhadores, devem ter um trabalho \u00e1rduo pela frente. \u201cTemos hoje uma polariza\u00e7\u00e3o do antipetismo,\u00a0que se traduz mais claramente na figura do deputado federal Jair Bolsonaro [PSC-RJ, mas que deve entrar na corrida ao Planalto pelo PSL]\u201d, explica o especialista.<\/p>\n<p>Cr\u00edtico ferrenho dos ex-presidentes Lula e Dilma Rousseff, o parlamentar carioca despontou como o segundo colocado ao Planalto nas pesquisas de opini\u00e3o, atr\u00e1s apenas do petista. Para Everaldo Moraes, parte do sucesso de Bolsonaro se deve especificamente \u00e0 postura combativa que adota diante da esquerda.<\/p>\n<p>\u201cEu arriscaria dizer que uma parcela consider\u00e1vel dos votos hoje destinados a Bolsonaro vem desta posi\u00e7\u00e3o que ele tinha j\u00e1 h\u00e1 muito tempo, combater o petismo, quando o partido ainda tinha popularidade e for\u00e7a no governo\u201d, considera Everaldo Moraes. Mas ele adverte: \u201cO problema \u00e9 que o deputado tem posi\u00e7\u00f5es controversas e \u00e9 uma figura mercurial. Age com muita trucul\u00eancia no debate e, para uma disputa \u00e0 Presid\u00eancia, isso pode ser prejudicial.\u201d<\/p>\n<p>Fora dos extremos entre Lula e Bolsonaro, figuram candidatos j\u00e1 conhecidos do p\u00fablico que arriscaram concorrer \u00e0 Presid\u00eancia da Rep\u00fablica em anos anteriores. Entre eles est\u00e3o Geraldo Alckmin (PSDB-SP) e Marina Silva (Rede). Para Moraes, apesar de serem possibilidades, ambos se encontram \u201cenfraquecidos\u201d.<\/p>\n<p>\u201cAlckmin e o PSDB s\u00e3o muito criticados por n\u00e3o terem sido combativos o suficiente durante as gest\u00f5es do PT e pelo suposto envolvimento em esquemas de corrup\u00e7\u00e3o. J\u00e1 Marina \u00e9 citada por n\u00e3o aparecer nos per\u00edodos entre elei\u00e7\u00f5es e s\u00f3 se pronunciar em ocasi\u00f5es pr\u00f3ximas \u00e0 disputa pol\u00edtica\u201d, explica o pesquisador.<\/p>\n<p>O diagn\u00f3stico de enfraquecimento \u00e9 corroborado por analistas da empresa de consultoria em gest\u00e3o e comunica\u00e7\u00e3o Llorente &amp; Cuenca. Para os pesquisadores, \u201cGeraldo Alckmin (PSDB) tem a estrutura nacional mais bem montada, mas falta for\u00e7a\u00a0para subir nas pesquisas.\u201d A an\u00e1lise pol\u00edtica feita pela empresa tamb\u00e9m aponta que \u201ca\u00a0falta de votos do tucano e o seu ainda baixo desempenho nas pesquisas podem dar espa\u00e7o para candidatos de centro-direita, como Henrique Meirelles (PSD-SP) e Rodrigo Maia (DEM-RJ).\u201d<\/p>\n<p>\u00c0 esquerda<\/p>\n<p>Diante do crescimento dos nomes de direita, a esquerda ainda define sua estrat\u00e9gia. Nessa quinta-feira (25\/1), o PT anunciou oficialmente a pr\u00e9-candidatura de Lula \u00e0 Presid\u00eancia da Rep\u00fablica, apesar de sua condena\u00e7\u00e3o em segunda inst\u00e2ncia, proferida na quarta (24), o que em tese o tornaria ineleg\u00edvel, de acordo com a Lei da Ficha Limpa.<\/p>\n<p>A proibi\u00e7\u00e3o n\u00e3o \u00e9 imediata, e o ex-presidente pode recorrer a cortes superiores para manter-se na disputa e registrar sua inten\u00e7\u00e3o junto \u00e0 Justi\u00e7a Eleitoral at\u00e9 o dia 15 de agosto, data final para registro de candidaturas. No entanto, caso perca a batalha judicial, ter\u00e1 de ficar fora da disputa ao Planalto e estar\u00e1 livre para usar sua influ\u00eancia como cabo eleitoral e prestar apoio a algum candidato.<\/p>\n<p>Resta saber, no entanto, se o PT apresentar\u00e1 alguma outra op\u00e7\u00e3o ou se vai apoiar a chapa de partidos de esquerda. O vice-presidente do PDT, Ciro Gomes, \u00e9 um dos que poderiam receber a aprova\u00e7\u00e3o de Lula. J\u00e1 a deputada estadual Manuela D\u2019\u00c1vila (PCdoB-RS), quem j\u00e1 havia se lan\u00e7ado pr\u00e9-candidata, independentemente da condena\u00e7\u00e3o ou absolvi\u00e7\u00e3o do ex-presidente, tamb\u00e9m ganharia um grande impulso caso fosse a escolhida do l\u00edder petista.<\/p>\n<p>De acordo com a avalia\u00e7\u00e3o dos analistas da Llorente &amp; Cuenca, \u201cesse cen\u00e1rio de indefini\u00e7\u00e3o poder\u00e1 favorecer um candidato\u00a0<em>outsider<\/em>, como o ex-presidente do Supremo Tribunal Federal (STF) Joaquim Barbosa, que vem negociando uma candidatura pelo PSD.\u201d<\/p>\n<p><strong>CARIRI EM A\u00c7\u00c3O<\/strong><\/p>\n<p><em>Com Metr\u00f3poles\/Foto:\u00a0Metr\u00f3poles<\/em><\/p>\n<p><strong>Leia mais not\u00edcias em\u00a0<\/strong><a href=\"http:\/\/www.caririemacao.com\/\"><strong>caririemacao.com<\/strong><\/a><strong>, siga nossa p\u00e1gina no\u00a0<\/strong><a href=\"https:\/\/www.facebook.com\/CaririEmAcao\/?ref=aymt_homepage_panel\"><strong>Facebook<\/strong><\/a>,<strong>\u00a0<\/strong><a href=\"https:\/\/www.instagram.com\/cariri_em_acao\/?hl=pt-br\"><strong>Instagram<\/strong><\/a><strong>\u00a0e\u00a0<\/strong><a href=\"https:\/\/www.youtube.com\/channel\/UCAptA0jQuYQy8vMhLt2m4qg\"><strong>Youtube<\/strong><\/a><strong>\u00a0e veja nossas mat\u00e9rias, v\u00eddeos e fotos. Voc\u00ea tamb\u00e9m pode enviar informa\u00e7\u00f5es \u00e0 Reda\u00e7\u00e3o do Portal Cariri em A\u00e7\u00e3o pelo WhatsApp (83) 9 9634.5791, (83) 9 9601-1162.<\/strong><\/p>\n","protected":false},"excerpt":{"rendered":"<p>A decis\u00e3o do Tribunal Regional Federal da 4\u00aa Regi\u00e3o (TRF-4) de\u00a0manter a condena\u00e7\u00e3o do ex-presidente Luiz In\u00e1cio Lula da Silva\u00a0pelos crimes de corrup\u00e7\u00e3o e lavagem&hellip; <\/p>\n","protected":false},"author":2,"featured_media":38769,"comment_status":"closed","ping_status":"closed","sticky":false,"template":"","format":"standard","meta":{"sfsi_plus_gutenberg_text_before_share":"","sfsi_plus_gutenberg_show_text_before_share":"","sfsi_plus_gutenberg_icon_type":"","sfsi_plus_gutenberg_icon_alignemt":"","sfsi_plus_gutenburg_max_per_row":"","footnotes":""},"categories":[11],"tags":[],"class_list":["post-38768","post","type-post","status-publish","format-standard","has-post-thumbnail","hentry","category-politica"],"_links":{"self":[{"href":"https:\/\/www.caririemacao.com\/1\/wp-json\/wp\/v2\/posts\/38768","targetHints":{"allow":["GET"]}}],"collection":[{"href":"https:\/\/www.caririemacao.com\/1\/wp-json\/wp\/v2\/posts"}],"about":[{"href":"https:\/\/www.caririemacao.com\/1\/wp-json\/wp\/v2\/types\/post"}],"author":[{"embeddable":true,"href":"https:\/\/www.caririemacao.com\/1\/wp-json\/wp\/v2\/users\/2"}],"replies":[{"embeddable":true,"href":"https:\/\/www.caririemacao.com\/1\/wp-json\/wp\/v2\/comments?post=38768"}],"version-history":[{"count":0,"href":"https:\/\/www.caririemacao.com\/1\/wp-json\/wp\/v2\/posts\/38768\/revisions"}],"wp:featuredmedia":[{"embeddable":true,"href":"https:\/\/www.caririemacao.com\/1\/wp-json\/wp\/v2\/media\/38769"}],"wp:attachment":[{"href":"https:\/\/www.caririemacao.com\/1\/wp-json\/wp\/v2\/media?parent=38768"}],"wp:term":[{"taxonomy":"category","embeddable":true,"href":"https:\/\/www.caririemacao.com\/1\/wp-json\/wp\/v2\/categories?post=38768"},{"taxonomy":"post_tag","embeddable":true,"href":"https:\/\/www.caririemacao.com\/1\/wp-json\/wp\/v2\/tags?post=38768"}],"curies":[{"name":"wp","href":"https:\/\/api.w.org\/{rel}","templated":true}]}}