{"id":38773,"date":"2018-01-26T07:14:30","date_gmt":"2018-01-26T10:14:30","guid":{"rendered":"http:\/\/caririemacao.com\/1\/?p=38773"},"modified":"2018-01-26T07:14:30","modified_gmt":"2018-01-26T10:14:30","slug":"wilson-diz-que-ptb-tem-tamanho-para-disputar-um-dos-cargos-na-majoritaria-do-psb","status":"publish","type":"post","link":"https:\/\/www.caririemacao.com\/1\/2018\/01\/26\/wilson-diz-que-ptb-tem-tamanho-para-disputar-um-dos-cargos-na-majoritaria-do-psb\/","title":{"rendered":"Wilson diz que PTB tem tamanho para disputar um dos cargos na majorit\u00e1ria do PSB"},"content":{"rendered":"<p>O presidente estadual do PTB, ex-senador Wilson Santiago, alegou que a legenda vai discutir com o PSB e os partidos aliados para ocupar um espa\u00e7o na chapa majorit\u00e1ria, para disputar as elei\u00e7\u00f5es desse ano. Ele destacou que as defini\u00e7\u00f5es de que deve substituir o filho (Wilson Filho) e concorrer uma vaga para<\/p>\n<p>Wilson Santiago alegou que o primeiro passo \u00e9 conquistar uma vaga para que o PTB participe da chapa majorit\u00e1ria. Seja como vice-governador ou para o Senado Federal. \u201cSabemos o tamanho do nosso partido, mas temos consci\u00eancia de que o debate s\u00f3 vai acontecer mais pra frente\u201d, disse o ex-senador. Partidos aliados aos socialistas, a exemplo do Democratas de do PT, tamb\u00e9m j\u00e1 oficializaram o desejo de disputar ao lado do PSB na majorit\u00e1ria.<\/p>\n<p>Ele rebateu as informa\u00e7\u00f5es de que deve ser o candidato da legenda para deputado federal e que Wilson Filho deve participar das elei\u00e7\u00f5es na disputa para deputado estadual.<\/p>\n<p><strong>CARIRI EM A\u00c7\u00c3O<\/strong><\/p>\n<p><em>Com PB Agora\/Foto:PB Agora<\/em><\/p>\n<p><strong>Leia mais not\u00edcias em\u00a0<\/strong><a href=\"http:\/\/www.caririemacao.com\/\"><strong>caririemacao.com<\/strong><\/a><strong>, siga nossa p\u00e1gina no\u00a0<\/strong><a href=\"https:\/\/www.facebook.com\/CaririEmAcao\/?ref=aymt_homepage_panel\"><strong>Facebook<\/strong><\/a>,<strong>\u00a0<\/strong><a href=\"https:\/\/www.instagram.com\/cariri_em_acao\/?hl=pt-br\"><strong>Instagram<\/strong><\/a><strong>\u00a0e\u00a0<\/strong><a href=\"https:\/\/www.youtube.com\/channel\/UCAptA0jQuYQy8vMhLt2m4qg\"><strong>Youtube<\/strong><\/a><strong>\u00a0e veja nossas mat\u00e9rias, v\u00eddeos e fotos. Voc\u00ea tamb\u00e9m pode enviar informa\u00e7\u00f5es \u00e0 Reda\u00e7\u00e3o do Portal Cariri em A\u00e7\u00e3o pelo WhatsApp (83) 9 9634.5791, (83) 9 9601-1162.<\/strong><\/p>\n","protected":false},"excerpt":{"rendered":"<p>O presidente estadual do PTB, ex-senador Wilson Santiago, alegou que a legenda vai discutir com o PSB e os partidos aliados para ocupar um espa\u00e7o&hellip; <\/p>\n","protected":false},"author":2,"featured_media":38774,"comment_status":"closed","ping_status":"closed","sticky":false,"template":"","format":"standard","meta":{"sfsi_plus_gutenberg_text_before_share":"","sfsi_plus_gutenberg_show_text_before_share":"","sfsi_plus_gutenberg_icon_type":"","sfsi_plus_gutenberg_icon_alignemt":"","sfsi_plus_gutenburg_max_per_row":"","footnotes":""},"categories":[1],"tags":[],"class_list":["post-38773","post","type-post","status-publish","format-standard","has-post-thumbnail","hentry","category-o-site"],"_links":{"self":[{"href":"https:\/\/www.caririemacao.com\/1\/wp-json\/wp\/v2\/posts\/38773","targetHints":{"allow":["GET"]}}],"collection":[{"href":"https:\/\/www.caririemacao.com\/1\/wp-json\/wp\/v2\/posts"}],"about":[{"href":"https:\/\/www.caririemacao.com\/1\/wp-json\/wp\/v2\/types\/post"}],"author":[{"embeddable":true,"href":"https:\/\/www.caririemacao.com\/1\/wp-json\/wp\/v2\/users\/2"}],"replies":[{"embeddable":true,"href":"https:\/\/www.caririemacao.com\/1\/wp-json\/wp\/v2\/comments?post=38773"}],"version-history":[{"count":0,"href":"https:\/\/www.caririemacao.com\/1\/wp-json\/wp\/v2\/posts\/38773\/revisions"}],"wp:featuredmedia":[{"embeddable":true,"href":"https:\/\/www.caririemacao.com\/1\/wp-json\/wp\/v2\/media\/38774"}],"wp:attachment":[{"href":"https:\/\/www.caririemacao.com\/1\/wp-json\/wp\/v2\/media?parent=38773"}],"wp:term":[{"taxonomy":"category","embeddable":true,"href":"https:\/\/www.caririemacao.com\/1\/wp-json\/wp\/v2\/categories?post=38773"},{"taxonomy":"post_tag","embeddable":true,"href":"https:\/\/www.caririemacao.com\/1\/wp-json\/wp\/v2\/tags?post=38773"}],"curies":[{"name":"wp","href":"https:\/\/api.w.org\/{rel}","templated":true}]}}