{"id":38776,"date":"2018-01-26T07:17:49","date_gmt":"2018-01-26T10:17:49","guid":{"rendered":"http:\/\/caririemacao.com\/1\/?p=38776"},"modified":"2018-01-26T07:17:49","modified_gmt":"2018-01-26T10:17:49","slug":"tce-julga-irregular-as-despesas-com-obras-em-municipio-da-paraiba","status":"publish","type":"post","link":"https:\/\/www.caririemacao.com\/1\/2018\/01\/26\/tce-julga-irregular-as-despesas-com-obras-em-municipio-da-paraiba\/","title":{"rendered":"TCE julga irregular as despesas com obras em munic\u00edpio da Para\u00edba"},"content":{"rendered":"<p>A 1\u00aa C\u00e2mara do Tribunal de Contas da Para\u00edba, em sua primeira sess\u00e3o do exerc\u00edcio 2018, julgou irregulares nesta quinta-feira (25) despesas de R$ 386,3 mil, da prefeitura de Alcantil, com obras de constru\u00e7\u00e3o de uma escola com quatro salas de aula, e uma unidade de sa\u00fade, em 2014.<\/p>\n<p>Relator do processo 03827\/15, o conselheiro F\u00e1bio Nogueira tamb\u00e9m prop\u00f4s, e a C\u00e2mara aprovou, imputar ao ex-prefeito do munic\u00edpio, Jos\u00e9 Ademar de Farias, o d\u00e9bito dos valores sem aplica\u00e7\u00e3o devidamente comprovada \u2013 R$ 59,7 mil relativo \u00e0 escola e R$ 326,6 do posto de sa\u00fade. Ainda cabe recurso da decis\u00e3o.<\/p>\n<p>Do mesmo relator, a C\u00e2mara apreciou o processo 13292\/15e acatou recurso de reconsidera\u00e7\u00e3o interposto pelo ex-prefeito de Algod\u00e3o de Janda\u00edra, Humberto dos Santos, e considerou sanadas irregularidades apontadas pelo \u00f3rg\u00e3o auditor do tribunal durante inspe\u00e7\u00e3o de obras no munic\u00edpio, no exerc\u00edcio 2014.<\/p>\n<p>Exames de procedimentos licitat\u00f3rios resultaram, na mesma sess\u00e3o, no julgamento regular do preg\u00e3o presencial 018\/2017, com respectivo contrato de R$ 785 mil, para compra de combust\u00edveis pela prefeitura de Fagundes; e, irregular, do preg\u00e3o 019\/2016, do Fundo Municipal de Sa\u00fade de Santa Rita.<\/p>\n<p>A 1\u00aa C\u00e2mara realizou sua sess\u00e3o n\u00famero 2726 analisando uma pauta de 95 processos relativos, entre outros, a den\u00fancias e representa\u00e7\u00f5es, recursos, atos de pessoal, verifica\u00e7\u00e3o de cumprimento de decis\u00f5es da Corte, e pedidos de aposentadorias e pens\u00f5es de servidores p\u00fablicos ou dependentes.<\/p>\n<p>Em raz\u00e3o da aus\u00eancia justificada, por motivo de f\u00e9rias, do conselheiro Fernando Cat\u00e3o, que preside o colegiado, e do conselheiro substituto Oscar Mamede Santiago Melo, a C\u00e2mara funcionou nesta quinta-feira com as presen\u00e7as dos conselheiros F\u00e1bio Nogueira e Marcos Ant\u00f4nio da Costa, e do conselheiro substituto Renato S\u00e9rgio Santiago Melo. E, tamb\u00e9m, do procurador Manoel Ant\u00f4nio dos Santos Neto, atuando pelo Minist\u00e9rio P\u00fablico de Contas.<\/p>\n<p><strong>CARIRI EM A\u00c7\u00c3O<\/strong><\/p>\n<p><em>Com Ascom\/Foto:\u00a0Ascom<\/em><\/p>\n<p><strong>Leia mais not\u00edcias em\u00a0<\/strong><a href=\"http:\/\/www.caririemacao.com\/\"><strong>caririemacao.com<\/strong><\/a><strong>, siga nossa p\u00e1gina no\u00a0<\/strong><a href=\"https:\/\/www.facebook.com\/CaririEmAcao\/?ref=aymt_homepage_panel\"><strong>Facebook<\/strong><\/a>,<strong>\u00a0<\/strong><a href=\"https:\/\/www.instagram.com\/cariri_em_acao\/?hl=pt-br\"><strong>Instagram<\/strong><\/a><strong>\u00a0e\u00a0<\/strong><a href=\"https:\/\/www.youtube.com\/channel\/UCAptA0jQuYQy8vMhLt2m4qg\"><strong>Youtube<\/strong><\/a><strong>\u00a0e veja nossas mat\u00e9rias, v\u00eddeos e fotos. Voc\u00ea tamb\u00e9m pode enviar informa\u00e7\u00f5es \u00e0 Reda\u00e7\u00e3o do Portal Cariri em A\u00e7\u00e3o pelo WhatsApp (83) 9 9634.5791, (83) 9 9601-1162.<\/strong><\/p>\n","protected":false},"excerpt":{"rendered":"<p>A 1\u00aa C\u00e2mara do Tribunal de Contas da Para\u00edba, em sua primeira sess\u00e3o do exerc\u00edcio 2018, julgou irregulares nesta quinta-feira (25) despesas de R$ 386,3&hellip; <\/p>\n","protected":false},"author":2,"featured_media":38777,"comment_status":"closed","ping_status":"closed","sticky":false,"template":"","format":"standard","meta":{"sfsi_plus_gutenberg_text_before_share":"","sfsi_plus_gutenberg_show_text_before_share":"","sfsi_plus_gutenberg_icon_type":"","sfsi_plus_gutenberg_icon_alignemt":"","sfsi_plus_gutenburg_max_per_row":"","footnotes":""},"categories":[2],"tags":[],"class_list":["post-38776","post","type-post","status-publish","format-standard","has-post-thumbnail","hentry","category-geral"],"_links":{"self":[{"href":"https:\/\/www.caririemacao.com\/1\/wp-json\/wp\/v2\/posts\/38776","targetHints":{"allow":["GET"]}}],"collection":[{"href":"https:\/\/www.caririemacao.com\/1\/wp-json\/wp\/v2\/posts"}],"about":[{"href":"https:\/\/www.caririemacao.com\/1\/wp-json\/wp\/v2\/types\/post"}],"author":[{"embeddable":true,"href":"https:\/\/www.caririemacao.com\/1\/wp-json\/wp\/v2\/users\/2"}],"replies":[{"embeddable":true,"href":"https:\/\/www.caririemacao.com\/1\/wp-json\/wp\/v2\/comments?post=38776"}],"version-history":[{"count":0,"href":"https:\/\/www.caririemacao.com\/1\/wp-json\/wp\/v2\/posts\/38776\/revisions"}],"wp:featuredmedia":[{"embeddable":true,"href":"https:\/\/www.caririemacao.com\/1\/wp-json\/wp\/v2\/media\/38777"}],"wp:attachment":[{"href":"https:\/\/www.caririemacao.com\/1\/wp-json\/wp\/v2\/media?parent=38776"}],"wp:term":[{"taxonomy":"category","embeddable":true,"href":"https:\/\/www.caririemacao.com\/1\/wp-json\/wp\/v2\/categories?post=38776"},{"taxonomy":"post_tag","embeddable":true,"href":"https:\/\/www.caririemacao.com\/1\/wp-json\/wp\/v2\/tags?post=38776"}],"curies":[{"name":"wp","href":"https:\/\/api.w.org\/{rel}","templated":true}]}}