{"id":38779,"date":"2018-01-26T07:41:26","date_gmt":"2018-01-26T10:41:26","guid":{"rendered":"http:\/\/caririemacao.com\/1\/?p=38779"},"modified":"2018-01-26T07:41:26","modified_gmt":"2018-01-26T10:41:26","slug":"diretor-de-futebol-do-treze-e-condenado-a-devolver-r-65-mil-a-uniao-por-estelionato","status":"publish","type":"post","link":"https:\/\/www.caririemacao.com\/1\/2018\/01\/26\/diretor-de-futebol-do-treze-e-condenado-a-devolver-r-65-mil-a-uniao-por-estelionato\/","title":{"rendered":"Diretor de futebol do Treze \u00e9 condenado a devolver R$ 65 mil \u00e0 Uni\u00e3o por estelionato"},"content":{"rendered":"<div class=\"mc-column content-text active-extra-styles active-capital-letter\" data-block-type=\"unstyled\" data-block-weight=\"71\" data-block-id=\"2\">\n<p class=\"content-text__container theme-color-primary-first-letter\" data-track-category=\"Link no Texto\" data-track-links=\"\">O diretor de futebol do Treze Futebol Clube, F\u00e1bio Leonardo Medeiros de Azevedo, foi condenado por estelionato majorado e ter\u00e1 que devolver R$ 65,9 mil ao Governo Federal. De acordo com a senten\u00e7a, F\u00e1bio Azevedo, no per\u00edodo de outubro de 2011 a junho de 2012, teria recebido indevidamente um benef\u00edcio especial para ex-combatente militar em nome de sua av\u00f3, falecida em 26 de outubro de 2011, causando preju\u00edzo \u00e0 Uni\u00e3o Federal.<\/p>\n<\/div>\n<div class=\"mc-column content-text active-extra-styles \" data-block-type=\"unstyled\" data-block-weight=\"79\" data-block-id=\"3\">\n<p class=\"content-text__container \" data-track-category=\"Link no Texto\" data-track-links=\"\">A senten\u00e7a foi prolatada pela Justi\u00e7a Federal, em Campina Grande. F\u00e1bio Azevedo j\u00e1 havia recorrido da decis\u00e3o ao Tribunal Regional Federal da 5\u00aa Regi\u00e3o, que manteve a condena\u00e7\u00e3o. O juiz da 4 \u00aa Vara Federal, Vinicius Costa Vidor, publicou no Di\u00e1rio da Justi\u00e7a Eletr\u00f4nico o Edital de Intima\u00e7\u00e3o, dando o prazo de 15 dias para F\u00e1bio Azevedo fazer o pagamento por ele se encontrar em \u201clugar incerto e n\u00e3o sabido\u201d. A a\u00e7\u00e3o foi impetrada pelo Minist\u00e9rio P\u00fablico Federal (MPF).<\/p>\n<\/div>\n<div class=\"mc-column content-text active-extra-styles \" data-block-type=\"unstyled\" data-block-weight=\"46\" data-block-id=\"5\">\n<p class=\"content-text__container \" data-track-category=\"Link no Texto\" data-track-links=\"\">Segundo o TRF-5, pelo crime de estelionato majorado, foram-lhe aplicadas as penas de 2 anos, 2 meses e 20 dias de reclus\u00e3o &#8211; substitu\u00edda por restritiva de direitos e multa &#8211; mais 600 dias-multa, ao valor de 1\/10 (um d\u00e9cimo) do sal\u00e1rio m\u00ednimo, cada um deles.<\/p>\n<\/div>\n<div class=\"mc-column content-text active-extra-styles \" data-block-type=\"unstyled\" data-block-weight=\"86\" data-block-id=\"6\">\n<p class=\"content-text__container \" data-track-category=\"Link no Texto\" data-track-links=\"\">A senten\u00e7a destaca que \u201co dolo \u00e9 inequ\u00edvoco, decorre da vontade livre e consciente de receber o benef\u00edcio da av\u00f3 falecida, com quem havia morado. A tese de que n\u00e3o tinha conhecimento de que os valores em conta seriam decorrentes do benef\u00edcio \u00e9 inveross\u00edmil, mormente porque, como ele mesmo declarou, foi o respons\u00e1vel por gerenciar as economias da av\u00f3 no \u00faltimo ano de vida desta (que tinha sofrido um AVC e sofria do mal de Alzheimer), motivo pelo qual tinha induvidosa ci\u00eancia da fonte do recurso\u201d.<\/p>\n<p data-track-category=\"Link no Texto\" data-track-links=\"\"><a href=\"http:\/\/caririemacao.com\/1\/wp-content\/uploads\/2018\/01\/sentenca-fabio-azevedo.jpg\"><img fetchpriority=\"high\" decoding=\"async\" class=\"aligncenter size-full wp-image-38780\" src=\"http:\/\/caririemacao.com\/1\/wp-content\/uploads\/2018\/01\/sentenca-fabio-azevedo.jpg\" alt=\"\" width=\"1000\" height=\"626\" srcset=\"https:\/\/www.caririemacao.com\/1\/wp-content\/uploads\/2018\/01\/sentenca-fabio-azevedo.jpg 1000w, https:\/\/www.caririemacao.com\/1\/wp-content\/uploads\/2018\/01\/sentenca-fabio-azevedo-300x188.jpg 300w, https:\/\/www.caririemacao.com\/1\/wp-content\/uploads\/2018\/01\/sentenca-fabio-azevedo-768x481.jpg 768w\" sizes=\"(max-width: 1000px) 100vw, 1000px\" \/><\/a><\/p>\n<div class=\"mc-column content-text active-extra-styles\" data-block-type=\"raw\" data-block-weight=\"1\" data-block-id=\"9\">\n<div class=\"content-intertitle\">\n<h2>Investiga\u00e7\u00e3o<\/h2>\n<\/div>\n<\/div>\n<div class=\"mc-column content-text active-extra-styles \" data-block-type=\"unstyled\" data-block-weight=\"92\" data-block-id=\"10\">\n<p class=\"content-text__container \" data-track-category=\"Link no Texto\" data-track-links=\"\">Na senten\u00e7a ainda foi destacado que \u201cum simples extrato da conta-corrente (banc\u00e1ria) seria capaz de demonstrar a origem do dinheiro. A \u00fanica fonte de renda da falecida era a pens\u00e3o, conforme documentos. Contrariamente ao que se disse no recurso, n\u00e3o foi o apelante (F\u00e1bio Azevedo) quem atentou para a possibilidade de que o dinheiro fosse proveniente do benef\u00edcio, por isso tendo procurado a Uni\u00e3o para informar o \u00f3bito, mas, sim, a Administra\u00e7\u00e3o Militar, que, informada do falecimento, deu in\u00edcio a investiga\u00e7\u00f5es para descobrir o autor dos saques feitos na conta da pensionista\u201d.<\/p>\n<\/div>\n<div class=\"mc-column content-text active-extra-styles \" data-block-type=\"unstyled\" data-block-weight=\"55\" data-block-id=\"11\">\n<p class=\"content-text__container \" data-track-category=\"Link no Texto\" data-track-links=\"\">Ainda de acordo com a decis\u00e3o, outra incongru\u00eancia \u00e9 a alega\u00e7\u00e3o de que teriam sido apenas quatro saques, o primeiro ocorrido ap\u00f3s quatro meses do falecimento. Segundo a Justi\u00e7a Federal, foram, na verdade, cerca de 30 saques, sendo o primeiro em 7 de novembro de 2011, ou seja, 12 dias ap\u00f3s a morte da av\u00f3.<\/p>\n<\/div>\n<div data-track-category=\"fim do conteudo\" data-track-action=\"ultimo chunk conteudo\" data-track-noninteraction=\"false\" data-track-scroll=\"entrada completa viewport\">\n<div class=\"mc-column content-text active-extra-styles \" data-block-type=\"unstyled\" data-block-weight=\"36\" data-block-id=\"12\">\n<p class=\"content-text__container \" data-track-category=\"Link no Texto\" data-track-links=\"\">F\u00e1bio Azevedo \u00e9 atual diretor de futebol do Treze Futebol Clube. Ele j\u00e1 foi presidente do time entre 2011 e 2012 e concorreu a elei\u00e7\u00e3o como candidato a vereador em Campina Grande no ano de 2004.<\/p>\n<p><strong>CARIRI EM A\u00c7\u00c3O<\/strong><\/p>\n<p><em>Com G1\/Foto: G1<\/em><\/p>\n<p><strong>Leia mais not\u00edcias em\u00a0<\/strong><a href=\"http:\/\/www.caririemacao.com\/\"><strong>caririemacao.com<\/strong><\/a><strong>, siga nossa p\u00e1gina no\u00a0<\/strong><a href=\"https:\/\/www.facebook.com\/CaririEmAcao\/?ref=aymt_homepage_panel\"><strong>Facebook<\/strong><\/a>,<strong>\u00a0<\/strong><a href=\"https:\/\/www.instagram.com\/cariri_em_acao\/?hl=pt-br\"><strong>Instagram<\/strong><\/a><strong>\u00a0e\u00a0<\/strong><a href=\"https:\/\/www.youtube.com\/channel\/UCAptA0jQuYQy8vMhLt2m4qg\"><strong>Youtube<\/strong><\/a><strong>\u00a0e veja nossas mat\u00e9rias, v\u00eddeos e fotos. Voc\u00ea tamb\u00e9m pode enviar informa\u00e7\u00f5es \u00e0 Reda\u00e7\u00e3o do Portal Cariri em A\u00e7\u00e3o pelo WhatsApp (83) 9 9634.5791, (83) 9 9601-1162.<\/strong><\/p>\n<\/div>\n<\/div>\n<\/div>\n","protected":false},"excerpt":{"rendered":"<p>O diretor de futebol do Treze Futebol Clube, F\u00e1bio Leonardo Medeiros de Azevedo, foi condenado por estelionato majorado e ter\u00e1 que devolver R$ 65,9 mil&hellip; <\/p>\n","protected":false},"author":2,"featured_media":38781,"comment_status":"closed","ping_status":"closed","sticky":false,"template":"","format":"standard","meta":{"sfsi_plus_gutenberg_text_before_share":"","sfsi_plus_gutenberg_show_text_before_share":"","sfsi_plus_gutenberg_icon_type":"","sfsi_plus_gutenberg_icon_alignemt":"","sfsi_plus_gutenburg_max_per_row":"","footnotes":""},"categories":[13],"tags":[],"class_list":["post-38779","post","type-post","status-publish","format-standard","has-post-thumbnail","hentry","category-esportes"],"_links":{"self":[{"href":"https:\/\/www.caririemacao.com\/1\/wp-json\/wp\/v2\/posts\/38779","targetHints":{"allow":["GET"]}}],"collection":[{"href":"https:\/\/www.caririemacao.com\/1\/wp-json\/wp\/v2\/posts"}],"about":[{"href":"https:\/\/www.caririemacao.com\/1\/wp-json\/wp\/v2\/types\/post"}],"author":[{"embeddable":true,"href":"https:\/\/www.caririemacao.com\/1\/wp-json\/wp\/v2\/users\/2"}],"replies":[{"embeddable":true,"href":"https:\/\/www.caririemacao.com\/1\/wp-json\/wp\/v2\/comments?post=38779"}],"version-history":[{"count":0,"href":"https:\/\/www.caririemacao.com\/1\/wp-json\/wp\/v2\/posts\/38779\/revisions"}],"wp:featuredmedia":[{"embeddable":true,"href":"https:\/\/www.caririemacao.com\/1\/wp-json\/wp\/v2\/media\/38781"}],"wp:attachment":[{"href":"https:\/\/www.caririemacao.com\/1\/wp-json\/wp\/v2\/media?parent=38779"}],"wp:term":[{"taxonomy":"category","embeddable":true,"href":"https:\/\/www.caririemacao.com\/1\/wp-json\/wp\/v2\/categories?post=38779"},{"taxonomy":"post_tag","embeddable":true,"href":"https:\/\/www.caririemacao.com\/1\/wp-json\/wp\/v2\/tags?post=38779"}],"curies":[{"name":"wp","href":"https:\/\/api.w.org\/{rel}","templated":true}]}}