{"id":38786,"date":"2018-01-26T07:47:40","date_gmt":"2018-01-26T10:47:40","guid":{"rendered":"http:\/\/caririemacao.com\/1\/?p=38786"},"modified":"2018-01-26T07:47:40","modified_gmt":"2018-01-26T10:47:40","slug":"folia-de-rua-2018-em-joao-pessoa-tera-elba-ramalho-alceu-valenca-e-marcia-fellipe","status":"publish","type":"post","link":"https:\/\/www.caririemacao.com\/1\/2018\/01\/26\/folia-de-rua-2018-em-joao-pessoa-tera-elba-ramalho-alceu-valenca-e-marcia-fellipe\/","title":{"rendered":"Folia de Rua 2018 em Jo\u00e3o Pessoa ter\u00e1 Elba Ramalho, Alceu Valen\u00e7a e M\u00e1rcia Fellipe"},"content":{"rendered":"<p>Em contagem regressiva para o Carnaval, o calend\u00e1rio completo dos blocos do Folia de Rua 2018 em Jo\u00e3o Pessoa foi divulgado nesta quinta-feira (25). Al\u00e9m dos blocos tradicionais, e de atra\u00e7\u00f5es como Elba Ramalho, M\u00e1rcia Fellipe e Alceu Valen\u00e7a, este ano o Folia de Rua 2018 vai homenagear a foli\u00e3 \u201cCorrinha do Cafu\u00e7u\u201d, que morreu na \u00faltima quarta-feira (10) na capital.<\/p>\n<p>Pela Via Folia, na Avenida Epit\u00e1cio Pessoa, devem passar o Bloco Banho de Cheiro, Agitada Gang, Consola\u00e7\u00e3o Fest, Virgens de Tamba\u00fa, Muri\u00e7oquinhas e Muri\u00e7ocas do Miramar, arrastando a maior leva de foli\u00f5es.<\/p>\n<p>Este ano, o Carnaval ter\u00e1 in\u00edcio oficialmente no dia 02 de fevereiro. Veja a programa\u00e7\u00e3o detalhada dos blocos.<\/p>\n<p><strong>PROGRAMA\u00c7\u00c3O OFICIAL:<\/strong><\/p>\n<p><strong>Sexta-feira \u2013 dia 02<\/strong><\/p>\n<p>Abertura:<br \/>\nPonto de Cem Reis, \u00e0s 20h00, Elba Ramalho, Orquestra de Frevo Splok<\/p>\n<p>Bloco Pinguim<br \/>\nConcentra\u00e7\u00e3o: Pra\u00e7a Jo\u00e3o Pessoa, \u00e0s 19h, com Orquestra de Frevo e Preto Netto<\/p>\n<p>Bloco da Cueca<br \/>\nConcentra\u00e7\u00e3o: Ponto de Cem Reis, \u00e0s 20h, com Orquestra de Frevo<\/p>\n<p>Bloco Confete e Serpentina<br \/>\nConcentra\u00e7\u00e3o: Pra\u00e7a Dom Ulrico, \u00e0s 20h, com Orquestra de Frevo e Fub\u00e1 e Mirandinha<\/p>\n<p>Bloco Jaguaribe Folia<br \/>\nConcentra\u00e7\u00e3o: Avenida 1\u00ba de Maio, em frente \u00e0 Escola Jo\u00e3o Machado, \u00e0s 18h, com banda Os Estourados<\/p>\n<p>Bloco Anjo Azul<br \/>\nConcentra\u00e7\u00e3o: Beco da Faculdade de Direito, 20h, com Orquestra de Frevo e Gracinha Telles, Maracat\u00fa P\u00e9 de Elefante e Orquestra de frevo.<\/p>\n<p>Bloco Maluco Beleza<br \/>\nConcentra\u00e7\u00e3o: Em frente ao Sintep, 21h, com Liss Albuquerque e Orquestra Mestre Luiz<\/p>\n<p>Bloco Piratas dos Banc\u00e1rios<br \/>\nConcentra\u00e7\u00e3o: Antigo Pol\u00edgono, na Avenida Sergio Guerra, 19h, com Orquestra de Frevo, Alberto Bakana e Dj Duda<\/p>\n<p><strong>S\u00e1bado \u2013 dia 03<\/strong><\/p>\n<p>Bloco Agitada Gang<br \/>\nConcentra\u00e7\u00e3o: Em frente \u00e0 Academia Corpo Livre, 16h com Orquestra e Banda Agitada Gang<\/p>\n<p>Bloco Boi Vermelho<br \/>\nConcentra\u00e7\u00e3o: Rua Alberto de Brito, Jaguaribe, com Orquestra Mestre Luiz , Kojak do Banjo e Grupo de Samba<\/p>\n<p>Bloco Fla Torre<br \/>\nConcentra\u00e7\u00e3o: Av. Carneiro da Cunha, 18h, Orquestra de Frevo<\/p>\n<p>Bloco Virgens de Mangabeira<br \/>\nConcentra\u00e7\u00e3o: Em frente \u00e0 Escola Luiz Ramalho, 19h, com Banda Arreios de Prata<\/p>\n<p>Bloco Peruas do Valentina<br \/>\nConcentra\u00e7\u00e3o: Mercado P\u00fablico do Valentina, 18h, com Claudiano Gera\u00e7\u00e3o \u00e9 Massa e DJ Marcilio e DJ Juninho<\/p>\n<p>Bloco Amoringa dos Banc\u00e1rios<br \/>\nConcentra\u00e7\u00e3o: Pra\u00e7a da Paz, 21h, com Raianny Stefany<\/p>\n<p>Bloco Banho de Cheiro<br \/>\nConcentra\u00e7\u00e3o: Antes da Farm\u00e1cia Pague Menos, 20h, Banda Mel, Joelma Psych\u00e9<\/p>\n<p>Bloco Eternamente Flamengo<br \/>\nConcentra\u00e7\u00e3o: Rua Professor Jos\u00e9 Rolmes, Ernani Satyro, 18h, com Banda Mil Grau, Banda Rebolice e Banda S\u00f3 Swing<\/p>\n<p>Bloco Desmantelados do Cristo<br \/>\nConcentra\u00e7\u00e3o: Rua Horacio Trajano de Oliveira \/ Em frente \u00e0 UEPB, \u00e0s 19h, com Banda Ax\u00e9 Mania<\/p>\n<p>Bloco Tambi\u00e1 Folia<br \/>\nConcentra\u00e7\u00e3o:\u00a0 Pra\u00e7a Prefeito Manoel Moreira da N\u00f3brega, Tambi\u00e1, \u00e0s 21h com Orquestra, Os Mulatos e Tatau \u2013 ex vocalista da banda Araketu<\/p>\n<p>Bloco Piabas<br \/>\nConcentra\u00e7\u00e3o: Em frente ao Hotel Tamba\u00fa, com Orquestra de Frevo Splok, DJ Samir, \u00e0s 20h.<\/p>\n<p>Blocos Imprensados<br \/>\nConcentra\u00e7\u00e3o: Pra\u00e7a Rio Branco, 18h, com Orquestra de Frevo e Banda Jadir Camargo<\/p>\n<p><strong>Domingo \u2013 dia 04<\/strong><\/p>\n<p>Bloco Vi\u00favas da Torre<br \/>\nConcentra\u00e7\u00e3o: Esquina do Supermercado Santiago, Rua Manoel Deodato, 15h30, com Orquestra de Frevo<\/p>\n<p>Bloco Virgens de Tamba\u00fa<br \/>\nConcentra\u00e7\u00e3o: Em frente ao Restaurante Cajueiro, 17h<br \/>\nTrios: M\u00e1rcia Fellipe, Nathalia Bellar Priscilla Macedo, Raianny Stefany, Jairo Madruga, Liss Albuquerque, Gil Bala, D\u00f4d\u00f4 Press\u00e3o, Gracinha Telles, Mira Maya, Priscila Paes, Z\u00e9 Filho e Degner Queiroz, Forr\u00f3 Bar\u00e3o.<\/p>\n<p>Palco Praia: Natan e o Som do Gordinho, Banda S\u00f3 Swing, Banda Yuri e Will, Banda Tim Maia Cover, Sinta Liga Crew, Vivi Stayner e Banda Rota 104.<\/p>\n<p><strong>Segunda-feira \u2013 dia 05<\/strong><\/p>\n<p>Bloco Muri\u00e7oquinhas do Miramar<br \/>\nConcentra\u00e7\u00e3o: Academia Corpo Livre, Via Folia, 17h, com Banda Convidada e Orquestra de Frevo<\/p>\n<p>Bloco Melhor Idade<br \/>\nConcentra\u00e7\u00e3o: Busto de Tamandar\u00e9, com Orquestra Gambiarra e Banda Splok<\/p>\n<p>Bloco Consola\u00e7\u00e3o Fest<br \/>\nConcentra\u00e7\u00e3o: Academia Corpo Livre, Via Folia, 19h, com Minist\u00e9rio da Consola\u00e7\u00e3o<\/p>\n<p><strong>Ter\u00e7a-feira \u2013 dia 06<\/strong><\/p>\n<p>Bloco Portadores da Folia<br \/>\nConcentra\u00e7\u00e3o: Empadinhas Barnab\u00e9, Av. Cabo Branco, 15h, com Banda Acredite e Orquestra de Frevo<\/p>\n<p>Bloco do Jacar\u00e9 do Castelo Branco<br \/>\nConcentra\u00e7\u00e3o: Pra\u00e7a Nossa Senhora da Paz, \u00e0s 18h, com Jadir Camargo<\/p>\n<p>Bloco Galo do Treze de Maio<br \/>\nConcentra\u00e7\u00e3o: Pra\u00e7a Assis Chateaubrind, Treze de Maio, 18h, com Orquestra AZDD e Mestre Timba<\/p>\n<p>Bloco Canto do Tet\u00e9u<br \/>\nConcentra\u00e7\u00e3o: Busto de Tamandar\u00e9, 19h, com Walter Luis e Banda<\/p>\n<p>Bloco 25 Bichos<br \/>\nConcentra\u00e7\u00e3o: Av Floriano Peixoto, Jaguaribe, com Orquestra de Frevo as 19h<br \/>\nBloco Acorde Miramar<\/p>\n<p>Concentra\u00e7\u00e3o: Pra\u00e7a das Muri\u00e7ocas, com Orquestra de Frevo e Maracatu P\u00e9 de Elefante<\/p>\n<p><strong>Quarta-feira \u2013 dia 07<\/strong><\/p>\n<p>Bloco Muri\u00e7ocas do Miramar<br \/>\nHomenageados: Ant\u00f4nio Barros e Cec\u00e9u<br \/>\nConcentra\u00e7\u00e3o: Pra\u00e7a das Muri\u00e7ocas, sa\u00edda \u00e0s 21h, com Alceu Valen\u00e7a, Fuba e convidados, Os Gonzagas, Seu Pereira, Mafiota, Madu-carnav\u00e1lia<\/p>\n<p>Bloco Pira na Folia<br \/>\nConcentra\u00e7\u00e3o: Ao lado da Igreja Nossa Senhora de F\u00e1tima, Miramar, 18h, com Orquestra de Frevo<\/p>\n<p><strong>Quinta-feira \u2013 dia 08<\/strong><\/p>\n<p>Bloco Vi\u00favas do Bela Vista<br \/>\nConcentra\u00e7\u00e3o: Em frente dep\u00f3sito da C\u00e9lia, Bela Vista, 19h, com Os Estourados e Orquestra de Frevo<\/p>\n<p>Bloco Cord\u00e3o do Frevo Rasgado<br \/>\nConcentra\u00e7\u00e3o: Por tr\u00e1s do Mag Shopping, 21h, com Orquestra de Frevo e Liss Albuquerque<\/p>\n<p>Bloco da Saudade<br \/>\nConcentra\u00e7\u00e3o: Pra\u00e7a do Castelo Branco, com orquestra de frevo \u00e0s 18h.<\/p>\n<p><strong>Sexta-feira \u2013 dia 09<\/strong><\/p>\n<p>Bloco Elefante da Torre<br \/>\nConcentra\u00e7\u00e3o: Pra\u00e7a S\u00e3o Gon\u00e7alo, Torre, Orquestra e Banda Convidada<\/p>\n<p>Bloco Cafu\u00e7u<br \/>\nConcentra\u00e7\u00e3o: Pra\u00e7a do Bispo, Centro, 21h, com Orquestra de Frevo<br \/>\nS\u00e1bado \u2013 dia 10<\/p>\n<p>Bloco Bom D+<br \/>\nConcentra\u00e7\u00e3o: Rua Aur\u00e9lio Figueiredo, Cruz das Armas em frente ao Clube Internacional, as 21h com atra\u00e7\u00f5es musicais<\/p>\n<p>Bloco Vaca Morta<br \/>\nConcentra\u00e7\u00e3o: Pra\u00e7a da Conquista, Padre Z\u00e9, 21h, com Orquestra de Frevo, atra\u00e7\u00f5es musicais<\/p>\n<p>Bloco Boi do Bessa<br \/>\nConcentra\u00e7\u00e3o: Em frente ao Bessa Grill, Bessa, com Orquestra de Frevo e Liss Albuquerque<\/p>\n<p>Bloco Urso Gay<br \/>\nConcentra\u00e7\u00e3o: Pra\u00e7a do Coqueiral, Mangabeira, 20h, com Orquestra de Frevo<\/p>\n<p><strong>CARIRI EM A\u00c7\u00c3O<\/strong><\/p>\n<p><em>Com Clik PB \/Foto: Clik PB<\/em><\/p>\n<p><strong>Leia mais not\u00edcias em\u00a0<\/strong><a href=\"http:\/\/www.caririemacao.com\/\"><strong>caririemacao.com<\/strong><\/a><strong>, siga nossa p\u00e1gina no\u00a0<\/strong><a href=\"https:\/\/www.facebook.com\/CaririEmAcao\/?ref=aymt_homepage_panel\"><strong>Facebook<\/strong><\/a>,<strong>\u00a0<\/strong><a href=\"https:\/\/www.instagram.com\/cariri_em_acao\/?hl=pt-br\"><strong>Instagram<\/strong><\/a><strong>\u00a0e\u00a0<\/strong><a href=\"https:\/\/www.youtube.com\/channel\/UCAptA0jQuYQy8vMhLt2m4qg\"><strong>Youtube<\/strong><\/a><strong>\u00a0e veja nossas mat\u00e9rias, v\u00eddeos e fotos. Voc\u00ea tamb\u00e9m pode enviar informa\u00e7\u00f5es \u00e0 Reda\u00e7\u00e3o do Portal Cariri em A\u00e7\u00e3o pelo WhatsApp (83) 9 9634.5791, (83) 9 9601-1162.<\/strong><\/p>\n","protected":false},"excerpt":{"rendered":"<p>Em contagem regressiva para o Carnaval, o calend\u00e1rio completo dos blocos do Folia de Rua 2018 em Jo\u00e3o Pessoa foi divulgado nesta quinta-feira (25). Al\u00e9m&hellip; <\/p>\n","protected":false},"author":2,"featured_media":38787,"comment_status":"closed","ping_status":"closed","sticky":false,"template":"","format":"standard","meta":{"sfsi_plus_gutenberg_text_before_share":"","sfsi_plus_gutenberg_show_text_before_share":"","sfsi_plus_gutenberg_icon_type":"","sfsi_plus_gutenberg_icon_alignemt":"","sfsi_plus_gutenburg_max_per_row":"","footnotes":""},"categories":[2],"tags":[],"class_list":["post-38786","post","type-post","status-publish","format-standard","has-post-thumbnail","hentry","category-geral"],"_links":{"self":[{"href":"https:\/\/www.caririemacao.com\/1\/wp-json\/wp\/v2\/posts\/38786","targetHints":{"allow":["GET"]}}],"collection":[{"href":"https:\/\/www.caririemacao.com\/1\/wp-json\/wp\/v2\/posts"}],"about":[{"href":"https:\/\/www.caririemacao.com\/1\/wp-json\/wp\/v2\/types\/post"}],"author":[{"embeddable":true,"href":"https:\/\/www.caririemacao.com\/1\/wp-json\/wp\/v2\/users\/2"}],"replies":[{"embeddable":true,"href":"https:\/\/www.caririemacao.com\/1\/wp-json\/wp\/v2\/comments?post=38786"}],"version-history":[{"count":0,"href":"https:\/\/www.caririemacao.com\/1\/wp-json\/wp\/v2\/posts\/38786\/revisions"}],"wp:featuredmedia":[{"embeddable":true,"href":"https:\/\/www.caririemacao.com\/1\/wp-json\/wp\/v2\/media\/38787"}],"wp:attachment":[{"href":"https:\/\/www.caririemacao.com\/1\/wp-json\/wp\/v2\/media?parent=38786"}],"wp:term":[{"taxonomy":"category","embeddable":true,"href":"https:\/\/www.caririemacao.com\/1\/wp-json\/wp\/v2\/categories?post=38786"},{"taxonomy":"post_tag","embeddable":true,"href":"https:\/\/www.caririemacao.com\/1\/wp-json\/wp\/v2\/tags?post=38786"}],"curies":[{"name":"wp","href":"https:\/\/api.w.org\/{rel}","templated":true}]}}