{"id":38789,"date":"2018-01-26T07:50:38","date_gmt":"2018-01-26T10:50:38","guid":{"rendered":"http:\/\/caririemacao.com\/1\/?p=38789"},"modified":"2018-01-26T07:50:38","modified_gmt":"2018-01-26T10:50:38","slug":"tribunal-mantem-prisao-de-acusado-de-armazenar-pornografia-infantojuvenil","status":"publish","type":"post","link":"https:\/\/www.caririemacao.com\/1\/2018\/01\/26\/tribunal-mantem-prisao-de-acusado-de-armazenar-pornografia-infantojuvenil\/","title":{"rendered":"Tribunal mant\u00e9m pris\u00e3o de acusado de armazenar pornografia infantojuvenil"},"content":{"rendered":"<p>Na tarde desta quinta-feira (25), os membros da C\u00e2mara Criminal do Tribunal de Justi\u00e7a da Para\u00edba, em harmonia com o parecer do Minist\u00e9rio P\u00fablico, denegaram a ordem no Habeas Corpus n\u00ba 0806650-46.2017.8.15.0000 e mantiveram a pris\u00e3o preventiva decretada contra Salatiel Medeiros Souto, acusado de armazenar, adquirir e distribuir vasto material de conte\u00fado pornogr\u00e1fico infantojuvenil, conforme per\u00edcia realizada nos dispositivos digitais e no computador do pr\u00f3prio r\u00e9u.<\/p>\n<p>De acordo com o voto proferido pelo relator, desembargador Arn\u00f3bio Alves Teod\u00f3sio, a pris\u00e3o em flagrante foi convertida em preventiva pelo Ju\u00edzo da Inf\u00e2ncia e Juventude da Comarca de Campina Grande, que afirmou, na decis\u00e3o: \u201cA aplica\u00e7\u00e3o de outras medidas cautelares alternativas \u00e0 pris\u00e3o seria insuficiente e inadequada neste momento, em virtude de repercuss\u00e3o social e da necessidade de inibir condutas dessa natureza com escopo de proteger a inf\u00e2ncia natural\u201d.<\/p>\n<p>Conforme os autos, o r\u00e9u foi preso no dia 20 de outubro de 2017, por ocasi\u00e3o de cumprimento de mandado de busca e apreens\u00e3o, na denominada &#8216;Opera\u00e7\u00e3o Luz na Inf\u00e2ncia&#8217;, desencadeada em todo o Brasil, com a finalidade de combater a pedofilia na Internet. Ele foi autuado por infra\u00e7\u00e3o, em tese, ao artigo 241-B do Estatuto da Crian\u00e7a e do Adolescente (ECA) \u2013 adquirir, possuir ou armazenar, por qualquer meio, foto, v\u00eddeo ou outra forma de registro que contenha cena de sexo expl\u00edcito ou pornografia envolvendo crian\u00e7a ou adolescente \u2013 combinado com o artigo 71 do C\u00f3digo Penal Brasileiro (CPB).<\/p>\n<p>Ao impetrar o Habeas Corpus, a defesa do r\u00e9u aduziu que a decis\u00e3o que decretou a preventiva n\u00e3o apresentou fundamenta\u00e7\u00e3o id\u00f4nea, e, por isso, requereu a revoga\u00e7\u00e3o. Alegou, ainda, que o paciente possui condi\u00e7\u00f5es pessoais favor\u00e1veis \u00e0 liberdade provis\u00f3ria, por ser r\u00e9u prim\u00e1rio, possuir emprego e endere\u00e7o fixo.<\/p>\n<p>No entanto, o relator argumentou que os requisitos pessoais favor\u00e1veis n\u00e3o s\u00e3o suficientes para a soltura ou para cassar as medidas impostas, quando prevalecem os demais pressupostos da pris\u00e3o.<\/p>\n<p>O desembargador Arn\u00f3bio afirmou, ainda, que os fatos descritos na decis\u00e3o combatida demonstram periculosidade social do agente e justificam a necessidade de garantia da ordem p\u00fablica, a fim de se evitar que o crime seja praticado novamente.<\/p>\n<p><strong>CARIRI EM A\u00c7\u00c3O<\/strong><\/p>\n<p><em>Com Clik PB \/Foto:Reprodu\u00e7\u00e3o google<\/em><\/p>\n<p><strong>Leia mais not\u00edcias em\u00a0<\/strong><a href=\"http:\/\/www.caririemacao.com\/\"><strong>caririemacao.com<\/strong><\/a><strong>, siga nossa p\u00e1gina no\u00a0<\/strong><a href=\"https:\/\/www.facebook.com\/CaririEmAcao\/?ref=aymt_homepage_panel\"><strong>Facebook<\/strong><\/a>,<strong>\u00a0<\/strong><a href=\"https:\/\/www.instagram.com\/cariri_em_acao\/?hl=pt-br\"><strong>Instagram<\/strong><\/a><strong>\u00a0e\u00a0<\/strong><a href=\"https:\/\/www.youtube.com\/channel\/UCAptA0jQuYQy8vMhLt2m4qg\"><strong>Youtube<\/strong><\/a><strong>\u00a0e veja nossas mat\u00e9rias, v\u00eddeos e fotos. Voc\u00ea tamb\u00e9m pode enviar informa\u00e7\u00f5es \u00e0 Reda\u00e7\u00e3o do Portal Cariri em A\u00e7\u00e3o pelo WhatsApp (83) 9 9634.5791, (83) 9 9601-1162.<\/strong><\/p>\n","protected":false},"excerpt":{"rendered":"<p>Na tarde desta quinta-feira (25), os membros da C\u00e2mara Criminal do Tribunal de Justi\u00e7a da Para\u00edba, em harmonia com o parecer do Minist\u00e9rio P\u00fablico, denegaram&hellip; <\/p>\n","protected":false},"author":2,"featured_media":38790,"comment_status":"closed","ping_status":"closed","sticky":false,"template":"","format":"standard","meta":{"sfsi_plus_gutenberg_text_before_share":"","sfsi_plus_gutenberg_show_text_before_share":"","sfsi_plus_gutenberg_icon_type":"","sfsi_plus_gutenberg_icon_alignemt":"","sfsi_plus_gutenburg_max_per_row":"","footnotes":""},"categories":[12],"tags":[],"class_list":["post-38789","post","type-post","status-publish","format-standard","has-post-thumbnail","hentry","category-policia"],"_links":{"self":[{"href":"https:\/\/www.caririemacao.com\/1\/wp-json\/wp\/v2\/posts\/38789","targetHints":{"allow":["GET"]}}],"collection":[{"href":"https:\/\/www.caririemacao.com\/1\/wp-json\/wp\/v2\/posts"}],"about":[{"href":"https:\/\/www.caririemacao.com\/1\/wp-json\/wp\/v2\/types\/post"}],"author":[{"embeddable":true,"href":"https:\/\/www.caririemacao.com\/1\/wp-json\/wp\/v2\/users\/2"}],"replies":[{"embeddable":true,"href":"https:\/\/www.caririemacao.com\/1\/wp-json\/wp\/v2\/comments?post=38789"}],"version-history":[{"count":0,"href":"https:\/\/www.caririemacao.com\/1\/wp-json\/wp\/v2\/posts\/38789\/revisions"}],"wp:featuredmedia":[{"embeddable":true,"href":"https:\/\/www.caririemacao.com\/1\/wp-json\/wp\/v2\/media\/38790"}],"wp:attachment":[{"href":"https:\/\/www.caririemacao.com\/1\/wp-json\/wp\/v2\/media?parent=38789"}],"wp:term":[{"taxonomy":"category","embeddable":true,"href":"https:\/\/www.caririemacao.com\/1\/wp-json\/wp\/v2\/categories?post=38789"},{"taxonomy":"post_tag","embeddable":true,"href":"https:\/\/www.caririemacao.com\/1\/wp-json\/wp\/v2\/tags?post=38789"}],"curies":[{"name":"wp","href":"https:\/\/api.w.org\/{rel}","templated":true}]}}