{"id":38799,"date":"2018-01-26T08:15:29","date_gmt":"2018-01-26T11:15:29","guid":{"rendered":"http:\/\/caririemacao.com\/1\/?p=38799"},"modified":"2018-01-26T08:15:29","modified_gmt":"2018-01-26T11:15:29","slug":"ifpb-oferta-24-vagas-no-mestrado-em-educacao-profissional-e-tecnologica","status":"publish","type":"post","link":"https:\/\/www.caririemacao.com\/1\/2018\/01\/26\/ifpb-oferta-24-vagas-no-mestrado-em-educacao-profissional-e-tecnologica\/","title":{"rendered":"IFPB oferta 24 vagas no Mestrado em Educa\u00e7\u00e3o Profissional e Tecnol\u00f3gica"},"content":{"rendered":"<p>O Programa de P\u00f3s-Gradua\u00e7\u00e3o em Educa\u00e7\u00e3o Profissional e Tecnol\u00f3gica (ProfEPT) lan\u00e7ou o edital de sele\u00e7\u00e3o do mestrado ofertado em rede por 36 institutos federais. O mestrado profissional est\u00e1 ofertando 820 vagas, nessa sua segunda turma, sendo metade reservada aos servidores da Rede Federal de EPT. O Instituto Federal de Educa\u00e7\u00e3o Ci\u00eancia e Tecnologia da Para\u00edba (IFPB) \u00e9 um dos polos do ProfEPT, com turma no Campus Jo\u00e3o Pessoa.<\/p>\n<p>O Mestrado \u00e9 semipresencial. No IFPB, as aulas est\u00e3o previstas para ocorrer quinzenalmente nas quintas e sextas-feiras (manh\u00e3 e tarde). No Campus Jo\u00e3o Pessoa do IFPB, s\u00e3o ofertadas 24 vagas, tendo reserva para pessoas com defici\u00eancia e cota racial. O coordenador do curso no polo \u00e9 o professor Rafael Jos\u00e9 Alves do Rego Barros. O contato com o Polo do IFPB pode ser feito pelo e-mail profeptifpb@ifpb.edu.br<\/p>\n<p>A coordena\u00e7\u00e3o do Programa est\u00e1 a cargo do Instituto Federal do Esp\u00edrito Santo (Ifes). As inscri\u00e7\u00f5es come\u00e7am no dia 15 de fevereiro e terminam em 04 de mar\u00e7o, pelo site do Ifes, na p\u00e1gina do processo seletivo. A taxa de inscri\u00e7\u00e3o \u00e9 no valor de R$ 70 e ser\u00e1 paga por meio de guia de recolhimento da Uni\u00e3o.<\/p>\n<p>O candidato deve preencher um formul\u00e1rio eletr\u00f4nico com dados pessoais, informa\u00e7\u00f5es sobre forma\u00e7\u00e3o acad\u00eamica e atua\u00e7\u00e3o profissional. Al\u00e9m disso, dever\u00e1 indicar se concorre a vagas reservadas para servidores ou n\u00e3o, e escolher em qual institui\u00e7\u00e3o pretende cursar o mestrado.<\/p>\n<p>No dia 15 de abril, a sele\u00e7\u00e3o ser\u00e1 feita com a aplica\u00e7\u00e3o do Exame Nacional de Acesso (ENA) que ter\u00e1 30 quest\u00f5es objetivas e uma discursiva. Podem participar da sele\u00e7\u00e3o, pessoas que tenham diploma de curso superior ou declara\u00e7\u00e3o de conclus\u00e3o de curso superior devidamente reconhecido (ou revalidado) por \u00f3rg\u00e3os competentes do Minist\u00e9rio da Educa\u00e7\u00e3o. O resultado final deve ser divulgado no dia 04 de junho. As aulas est\u00e3o previstas para come\u00e7ar no m\u00eas de agosto.<\/p>\n<p>Candidatos que desejam solicitar a isen\u00e7\u00e3o do pagamento da taxa de inscri\u00e7\u00e3o devem ficar atentos ao prazo. T\u00eam direito \u00e0 isen\u00e7\u00e3o os inscritos no Cadastro \u00danico para Programas Sociais do Governo Federal (Cad\u00danico) e que pertencem a fam\u00edlia de baixa renda, nos termos do Decreto n\u00ba 6.135, de 2007.<\/p>\n<p>Candidatos com d\u00favidas podem entrar em contato pelo e-mail profept@ifes.edu.br Para mais informa\u00e7\u00f5es, acesse a p\u00e1gina com o edital http:\/\/profept.ifes.edu.br\/selecao\/edital2018-001<\/p>\n<p><strong>CARIRI EM A\u00c7\u00c3O<\/strong><\/p>\n<p><em>Com Wscom \/Foto:Reprodu\u00e7\u00e3o google<\/em><\/p>\n<p><strong>Leia mais not\u00edcias em\u00a0<\/strong><a href=\"http:\/\/www.caririemacao.com\/\"><strong>caririemacao.com<\/strong><\/a><strong>, siga nossa p\u00e1gina no\u00a0<\/strong><a href=\"https:\/\/www.facebook.com\/CaririEmAcao\/?ref=aymt_homepage_panel\"><strong>Facebook<\/strong><\/a>,<strong>\u00a0<\/strong><a href=\"https:\/\/www.instagram.com\/cariri_em_acao\/?hl=pt-br\"><strong>Instagram<\/strong><\/a><strong>\u00a0e\u00a0<\/strong><a href=\"https:\/\/www.youtube.com\/channel\/UCAptA0jQuYQy8vMhLt2m4qg\"><strong>Youtube<\/strong><\/a><strong>\u00a0e veja nossas mat\u00e9rias, v\u00eddeos e fotos. Voc\u00ea tamb\u00e9m pode enviar informa\u00e7\u00f5es \u00e0 Reda\u00e7\u00e3o do Portal Cariri em A\u00e7\u00e3o pelo WhatsApp (83) 9 9634.5791, (83) 9 9601-1162.<\/strong><\/p>\n","protected":false},"excerpt":{"rendered":"<p>O Programa de P\u00f3s-Gradua\u00e7\u00e3o em Educa\u00e7\u00e3o Profissional e Tecnol\u00f3gica (ProfEPT) lan\u00e7ou o edital de sele\u00e7\u00e3o do mestrado ofertado em rede por 36 institutos federais. O&hellip; <\/p>\n","protected":false},"author":2,"featured_media":38800,"comment_status":"closed","ping_status":"closed","sticky":false,"template":"","format":"standard","meta":{"sfsi_plus_gutenberg_text_before_share":"","sfsi_plus_gutenberg_show_text_before_share":"","sfsi_plus_gutenberg_icon_type":"","sfsi_plus_gutenberg_icon_alignemt":"","sfsi_plus_gutenburg_max_per_row":"","footnotes":""},"categories":[14],"tags":[],"class_list":["post-38799","post","type-post","status-publish","format-standard","has-post-thumbnail","hentry","category-educacao"],"_links":{"self":[{"href":"https:\/\/www.caririemacao.com\/1\/wp-json\/wp\/v2\/posts\/38799","targetHints":{"allow":["GET"]}}],"collection":[{"href":"https:\/\/www.caririemacao.com\/1\/wp-json\/wp\/v2\/posts"}],"about":[{"href":"https:\/\/www.caririemacao.com\/1\/wp-json\/wp\/v2\/types\/post"}],"author":[{"embeddable":true,"href":"https:\/\/www.caririemacao.com\/1\/wp-json\/wp\/v2\/users\/2"}],"replies":[{"embeddable":true,"href":"https:\/\/www.caririemacao.com\/1\/wp-json\/wp\/v2\/comments?post=38799"}],"version-history":[{"count":0,"href":"https:\/\/www.caririemacao.com\/1\/wp-json\/wp\/v2\/posts\/38799\/revisions"}],"wp:featuredmedia":[{"embeddable":true,"href":"https:\/\/www.caririemacao.com\/1\/wp-json\/wp\/v2\/media\/38800"}],"wp:attachment":[{"href":"https:\/\/www.caririemacao.com\/1\/wp-json\/wp\/v2\/media?parent=38799"}],"wp:term":[{"taxonomy":"category","embeddable":true,"href":"https:\/\/www.caririemacao.com\/1\/wp-json\/wp\/v2\/categories?post=38799"},{"taxonomy":"post_tag","embeddable":true,"href":"https:\/\/www.caririemacao.com\/1\/wp-json\/wp\/v2\/tags?post=38799"}],"curies":[{"name":"wp","href":"https:\/\/api.w.org\/{rel}","templated":true}]}}