{"id":38815,"date":"2018-01-26T09:53:11","date_gmt":"2018-01-26T12:53:11","guid":{"rendered":"http:\/\/caririemacao.com\/1\/?p=38815"},"modified":"2018-01-26T09:53:11","modified_gmt":"2018-01-26T12:53:11","slug":"lista-de-aprovados-no-concurso-da-educacao-na-pb-e-divulgado-nesta-sexta","status":"publish","type":"post","link":"https:\/\/www.caririemacao.com\/1\/2018\/01\/26\/lista-de-aprovados-no-concurso-da-educacao-na-pb-e-divulgado-nesta-sexta\/","title":{"rendered":"Lista de aprovados no concurso da Educa\u00e7\u00e3o na PB \u00e9 divulgado nesta sexta"},"content":{"rendered":"<div class=\"mc-column content-text active-extra-styles active-capital-letter\" data-block-type=\"unstyled\" data-block-weight=\"54\" data-block-id=\"1\">\n<p class=\"content-text__container theme-color-primary-first-letter\" data-track-category=\"Link no Texto\" data-track-links=\"\">O resultado final com a lista de aprovados no concurso para professor da rede estadual da Para\u00edba foi divulgado\u00a0no Di\u00e1rio Oficial do Estado (DOE) desta sexta-feira (26). A lista completa dos aprovados no concurso que previa 1.000 vagas para professores em v\u00e1rias disciplinas pode ser encontrado a partir da p\u00e1gina 7 do DOE.<\/p>\n<\/div>\n<div class=\"mc-column content-text active-extra-styles \" data-block-type=\"unstyled\" data-block-weight=\"50\" data-block-id=\"2\">\n<p class=\"content-text__container \" data-track-category=\"Link no Texto\" data-track-links=\"\">Al\u00e9m do resultado final do concurso, foi divulgado o resultados recursos interpostos pelos candidatos \u00e0 an\u00e1lise de t\u00edtulos. A\u00a0prova aconteceu no dia 3 de dezembro, para mais de 28 mil inscritos, nas cidades sede das 14 Ger\u00eancias Regionais de Educa\u00e7\u00e3o (GRE). O concurso ofereceu 1 mil vagas para professor.<\/p>\n<\/div>\n<div class=\"mc-column content-text active-extra-styles \" data-block-type=\"unstyled\" data-block-weight=\"53\" data-block-id=\"4\">\n<p class=\"content-text__container \" data-track-category=\"Link no Texto\" data-track-links=\"\">O resultado final do concurso leva em considera\u00e7\u00e3o a nota na prova objetiva e da an\u00e1lise de t\u00edtulos. A tabela \u00e9 dividia por GRE e cont\u00e9m os nomes os candidatos aprovados. Segundo o edital, os candidatos eliminados na prova objetiva podem consultar a pontua\u00e7\u00e3o individual em um espa\u00e7o dispon\u00edvel no site da organizadora.<\/p>\n<\/div>\n<div data-track-category=\"fim do conteudo\" data-track-action=\"ultimo chunk conteudo\" data-track-noninteraction=\"false\" data-track-scroll=\"entrada completa viewport\">\n<div class=\"mc-column content-text active-extra-styles \" data-block-type=\"unstyled\" data-block-weight=\"37\" data-block-id=\"5\">\n<p class=\"content-text__container \" data-track-category=\"Link no Texto\" data-track-links=\"\">As vagas do concurso s\u00e3o para 12 disciplinas do ensino m\u00e9dio e est\u00e3o distribu\u00eddas nas 14 Ger\u00eancias Regionais de Educa\u00e7\u00e3o. O vencimento previsto pelo edital \u00e9 de R$ 1.896,51 para uma carga hor\u00e1ria de 30 horas semanais.<\/p>\n<div class=\"pf-content\">\n<p><strong>CARIRI EM A\u00c7\u00c3O<\/strong><\/p>\n<p>Com G1\/Foto: Reprodu\u00e7\u00e3o google<\/p>\n<p><strong>Leia mais not\u00edcias em\u00a0<\/strong><a href=\"http:\/\/www.caririemacao.com\/\"><strong>caririemacao.com<\/strong><\/a><strong>, siga nossa p\u00e1gina no\u00a0<\/strong><a href=\"https:\/\/www.facebook.com\/CaririEmAcao\/?ref=aymt_homepage_panel\"><strong>Facebook<\/strong><\/a>,<strong>\u00a0<\/strong><a href=\"https:\/\/www.instagram.com\/cariri_em_acao\/?hl=pt-br\"><strong>Instagram<\/strong><\/a><strong>\u00a0e\u00a0<\/strong><a href=\"https:\/\/www.youtube.com\/channel\/UCAptA0jQuYQy8vMhLt2m4qg\"><strong>Youtube<\/strong><\/a><strong>\u00a0e veja nossas mat\u00e9rias, v\u00eddeos e fotos. Voc\u00ea tamb\u00e9m pode enviar informa\u00e7\u00f5es \u00e0 Reda\u00e7\u00e3o do Portal Cariri em A\u00e7\u00e3o pelo WhatsApp (83) 9 9634.5791, (83) 9 9601-1162.<\/strong><\/p>\n<\/div>\n<\/div>\n<\/div>\n","protected":false},"excerpt":{"rendered":"<p>O resultado final com a lista de aprovados no concurso para professor da rede estadual da Para\u00edba foi divulgado\u00a0no Di\u00e1rio Oficial do Estado (DOE) desta&hellip; <\/p>\n","protected":false},"author":2,"featured_media":10921,"comment_status":"closed","ping_status":"closed","sticky":false,"template":"","format":"standard","meta":{"sfsi_plus_gutenberg_text_before_share":"","sfsi_plus_gutenberg_show_text_before_share":"","sfsi_plus_gutenberg_icon_type":"","sfsi_plus_gutenberg_icon_alignemt":"","sfsi_plus_gutenburg_max_per_row":"","footnotes":""},"categories":[14],"tags":[],"class_list":["post-38815","post","type-post","status-publish","format-standard","has-post-thumbnail","hentry","category-educacao"],"_links":{"self":[{"href":"https:\/\/www.caririemacao.com\/1\/wp-json\/wp\/v2\/posts\/38815","targetHints":{"allow":["GET"]}}],"collection":[{"href":"https:\/\/www.caririemacao.com\/1\/wp-json\/wp\/v2\/posts"}],"about":[{"href":"https:\/\/www.caririemacao.com\/1\/wp-json\/wp\/v2\/types\/post"}],"author":[{"embeddable":true,"href":"https:\/\/www.caririemacao.com\/1\/wp-json\/wp\/v2\/users\/2"}],"replies":[{"embeddable":true,"href":"https:\/\/www.caririemacao.com\/1\/wp-json\/wp\/v2\/comments?post=38815"}],"version-history":[{"count":0,"href":"https:\/\/www.caririemacao.com\/1\/wp-json\/wp\/v2\/posts\/38815\/revisions"}],"wp:featuredmedia":[{"embeddable":true,"href":"https:\/\/www.caririemacao.com\/1\/wp-json\/wp\/v2\/media\/10921"}],"wp:attachment":[{"href":"https:\/\/www.caririemacao.com\/1\/wp-json\/wp\/v2\/media?parent=38815"}],"wp:term":[{"taxonomy":"category","embeddable":true,"href":"https:\/\/www.caririemacao.com\/1\/wp-json\/wp\/v2\/categories?post=38815"},{"taxonomy":"post_tag","embeddable":true,"href":"https:\/\/www.caririemacao.com\/1\/wp-json\/wp\/v2\/tags?post=38815"}],"curies":[{"name":"wp","href":"https:\/\/api.w.org\/{rel}","templated":true}]}}