{"id":38820,"date":"2018-01-26T11:25:58","date_gmt":"2018-01-26T14:25:58","guid":{"rendered":"http:\/\/caririemacao.com\/1\/?p=38820"},"modified":"2018-01-26T11:44:58","modified_gmt":"2018-01-26T14:44:58","slug":"dois-carros-e-uma-moto-sao-roubados-no-cariri","status":"publish","type":"post","link":"https:\/\/www.caririemacao.com\/1\/2018\/01\/26\/dois-carros-e-uma-moto-sao-roubados-no-cariri\/","title":{"rendered":"Dois carros e uma moto s\u00e3o roubados no Cariri"},"content":{"rendered":"<div class=\"contentPost\">\n<p>Dois carros e uma motocicleta foram roubados na manh\u00e3 desta sexta-feira, 26, nas cidades de Amparo e Ouro Velho, no Cariri paraibano.<\/p>\n<p>De acordo com as primeiras informa\u00e7\u00f5es, um carro modelo Corsa, cor prata e placa KFR 6503, foi roubado no munic\u00edpio de Amparo. Homens armados abordaram o condutor e anunciaram o assalto. Al\u00e9m do carro, os bandidos levaram outros pertences do motorista e da passageira. As v\u00edtimas s\u00e3o da cidade de Monteiro.<\/p>\n<p>Outro carro e uma motocicleta tamb\u00e9m foram roubados no munic\u00edpio de Ouro Velho, mas precisamente, no entroncamento que d\u00e1 acesso a Amparo.<\/p>\n<p>A Pol\u00edcia foi acionada e est\u00e1 realizando dilig\u00eancias pela regi\u00e3o.<\/p>\n<\/div>\n<div class=\"fb-like fb_iframe_widget\" data-width=\"180\" data-href=\"http:\/\/caririligado.com.br\/dois-carros-e-uma-moto-sao-roubados-no-cariri\/\" data-layout=\"button_count\" data-action=\"like\" data-show-faces=\"true\" data-share=\"false\">\n<p><strong>CARIRI EM A\u00c7\u00c3O<\/strong><\/p>\n<p><em>Com Vitrine do Cariri<\/em><\/p>\n<p><strong>Leia mais not\u00edcias em\u00a0<\/strong><a href=\"http:\/\/www.caririemacao.com\/\"><strong>caririemacao.com<\/strong><\/a><strong>, siga nossa p\u00e1gina no\u00a0<\/strong><a href=\"https:\/\/www.facebook.com\/CaririEmAcao\/?ref=aymt_homepage_panel\"><strong>Facebook<\/strong><\/a>,<strong>\u00a0<\/strong><a href=\"https:\/\/www.instagram.com\/cariri_em_acao\/?hl=pt-br\"><strong>Instagram<\/strong><\/a><strong>\u00a0e <\/strong><a href=\"https:\/\/www.youtube.com\/channel\/UCAptA0jQuYQy8vMhLt2m4qg\"><strong>Youtube<\/strong><\/a><strong>\u00a0e veja nossas mat\u00e9rias, v\u00eddeos e fotos. Voc\u00ea tamb\u00e9m pode enviar informa\u00e7\u00f5es \u00e0 Reda\u00e7\u00e3o do Portal Cariri em A\u00e7\u00e3o pelo WhatsApp (83) 9 9634.5791, (83) 9 9601-1162.<\/strong><\/p>\n<\/div>\n","protected":false},"excerpt":{"rendered":"<p>Dois carros e uma motocicleta foram roubados na manh\u00e3 desta sexta-feira, 26, nas cidades de Amparo e Ouro Velho, no Cariri paraibano. De acordo com&hellip; <\/p>\n","protected":false},"author":2,"featured_media":25307,"comment_status":"closed","ping_status":"closed","sticky":false,"template":"","format":"standard","meta":{"sfsi_plus_gutenberg_text_before_share":"","sfsi_plus_gutenberg_show_text_before_share":"","sfsi_plus_gutenberg_icon_type":"","sfsi_plus_gutenberg_icon_alignemt":"","sfsi_plus_gutenburg_max_per_row":"","footnotes":""},"categories":[12],"tags":[],"class_list":["post-38820","post","type-post","status-publish","format-standard","has-post-thumbnail","hentry","category-policia"],"_links":{"self":[{"href":"https:\/\/www.caririemacao.com\/1\/wp-json\/wp\/v2\/posts\/38820","targetHints":{"allow":["GET"]}}],"collection":[{"href":"https:\/\/www.caririemacao.com\/1\/wp-json\/wp\/v2\/posts"}],"about":[{"href":"https:\/\/www.caririemacao.com\/1\/wp-json\/wp\/v2\/types\/post"}],"author":[{"embeddable":true,"href":"https:\/\/www.caririemacao.com\/1\/wp-json\/wp\/v2\/users\/2"}],"replies":[{"embeddable":true,"href":"https:\/\/www.caririemacao.com\/1\/wp-json\/wp\/v2\/comments?post=38820"}],"version-history":[{"count":0,"href":"https:\/\/www.caririemacao.com\/1\/wp-json\/wp\/v2\/posts\/38820\/revisions"}],"wp:featuredmedia":[{"embeddable":true,"href":"https:\/\/www.caririemacao.com\/1\/wp-json\/wp\/v2\/media\/25307"}],"wp:attachment":[{"href":"https:\/\/www.caririemacao.com\/1\/wp-json\/wp\/v2\/media?parent=38820"}],"wp:term":[{"taxonomy":"category","embeddable":true,"href":"https:\/\/www.caririemacao.com\/1\/wp-json\/wp\/v2\/categories?post=38820"},{"taxonomy":"post_tag","embeddable":true,"href":"https:\/\/www.caririemacao.com\/1\/wp-json\/wp\/v2\/tags?post=38820"}],"curies":[{"name":"wp","href":"https:\/\/api.w.org\/{rel}","templated":true}]}}