{"id":38827,"date":"2018-01-26T12:02:10","date_gmt":"2018-01-26T15:02:10","guid":{"rendered":"http:\/\/caririemacao.com\/1\/?p=38827"},"modified":"2018-01-26T12:02:10","modified_gmt":"2018-01-26T15:02:10","slug":"presidente-da-cmcg-confirma-concurso-da-casa-no-segundo-semestre","status":"publish","type":"post","link":"https:\/\/www.caririemacao.com\/1\/2018\/01\/26\/presidente-da-cmcg-confirma-concurso-da-casa-no-segundo-semestre\/","title":{"rendered":"Presidente da CMCG confirma concurso da Casa no segundo semestre"},"content":{"rendered":"<p>O edital do concurso p\u00fablico da C\u00e2mara Municipal de Campina Grande dever\u00e1 ser publicado no pr\u00f3ximo semestre. A confirma\u00e7\u00e3o foi feita pela vereadora Ivonete Ludg\u00e9rio (PSD), presidente do Poder Legislativo campinense. As vagas\u00a0 ser\u00e3o para os n\u00edveis m\u00e9dio e superior. Este ser\u00e1 o primeiro concurso p\u00fablico para preenchimento cargos efetivos da Casa de F\u00e9lix Ara\u00fajo.<\/p>\n<p>De acordo com a vereadora, alguns estudos est\u00e3o sendo feitos para apontar com precis\u00e3o o n\u00famero de vagas e quais \u00e1reas ser\u00e3o atendidas. Estima-se que ser\u00e3o abertas de imediato em torno de 40 vagas para cargos de advogado, agente administrativo, taquigrafia, vigil\u00e2ncia, servi\u00e7os gerais e outros.<\/p>\n<p>\u201cN\u00f3s teremos no m\u00ednimo 40 vagas para v\u00e1rios setores na C\u00e2mara. O quadro efetivo da Casa \u00e9 muito reduzido e, al\u00e9m disso, muita gente est\u00e1 se aposentado\u201d, comentou Ivonete. \u201cEu acredito que somente ser\u00e1 poss\u00edvel lan\u00e7ar o edital no segundo semestre deste ano, porque ainda n\u00e3o temos a dota\u00e7\u00e3o or\u00e7ament\u00e1ria para isso. Mas possivelmente teremos condi\u00e7\u00f5es de fazer o concurso ainda esse ano, com a convoca\u00e7\u00e3o para o ano seguinte\u201d, explicou a presidente.<\/p>\n<p><strong>CARIRI EM A\u00c7\u00c3O<\/strong><\/p>\n<p><em>Com G1 \/Foto: Reprodu\u00e7\u00e3o Internet<\/em><\/p>\n<p><strong>Leia mais not\u00edcias em\u00a0<\/strong><a href=\"http:\/\/www.caririemacao.com\/\"><strong>caririemacao.com<\/strong><\/a><strong>, siga nossa p\u00e1gina no\u00a0<\/strong><a href=\"https:\/\/www.facebook.com\/CaririEmAcao\/?ref=aymt_homepage_panel\"><strong>Facebook<\/strong><\/a>,<strong>\u00a0<\/strong><a href=\"https:\/\/www.instagram.com\/cariri_em_acao\/?hl=pt-br\"><strong>Instagram<\/strong><\/a><strong>\u00a0e <\/strong><a href=\"https:\/\/www.youtube.com\/channel\/UCAptA0jQuYQy8vMhLt2m4qg\"><strong>Youtube<\/strong><\/a><strong>\u00a0e veja nossas mat\u00e9rias, v\u00eddeos e fotos. Voc\u00ea tamb\u00e9m pode enviar informa\u00e7\u00f5es \u00e0 Reda\u00e7\u00e3o do Portal Cariri em A\u00e7\u00e3o pelo WhatsApp (83) 9 9634.5791, (83) 9 9601-1162.<\/strong><\/p>\n","protected":false},"excerpt":{"rendered":"<p>O edital do concurso p\u00fablico da C\u00e2mara Municipal de Campina Grande dever\u00e1 ser publicado no pr\u00f3ximo semestre. A confirma\u00e7\u00e3o foi feita pela vereadora Ivonete Ludg\u00e9rio&hellip; <\/p>\n","protected":false},"author":2,"featured_media":38829,"comment_status":"closed","ping_status":"closed","sticky":false,"template":"","format":"standard","meta":{"sfsi_plus_gutenberg_text_before_share":"","sfsi_plus_gutenberg_show_text_before_share":"","sfsi_plus_gutenberg_icon_type":"","sfsi_plus_gutenberg_icon_alignemt":"","sfsi_plus_gutenburg_max_per_row":"","footnotes":""},"categories":[2],"tags":[],"class_list":["post-38827","post","type-post","status-publish","format-standard","has-post-thumbnail","hentry","category-geral"],"_links":{"self":[{"href":"https:\/\/www.caririemacao.com\/1\/wp-json\/wp\/v2\/posts\/38827","targetHints":{"allow":["GET"]}}],"collection":[{"href":"https:\/\/www.caririemacao.com\/1\/wp-json\/wp\/v2\/posts"}],"about":[{"href":"https:\/\/www.caririemacao.com\/1\/wp-json\/wp\/v2\/types\/post"}],"author":[{"embeddable":true,"href":"https:\/\/www.caririemacao.com\/1\/wp-json\/wp\/v2\/users\/2"}],"replies":[{"embeddable":true,"href":"https:\/\/www.caririemacao.com\/1\/wp-json\/wp\/v2\/comments?post=38827"}],"version-history":[{"count":0,"href":"https:\/\/www.caririemacao.com\/1\/wp-json\/wp\/v2\/posts\/38827\/revisions"}],"wp:featuredmedia":[{"embeddable":true,"href":"https:\/\/www.caririemacao.com\/1\/wp-json\/wp\/v2\/media\/38829"}],"wp:attachment":[{"href":"https:\/\/www.caririemacao.com\/1\/wp-json\/wp\/v2\/media?parent=38827"}],"wp:term":[{"taxonomy":"category","embeddable":true,"href":"https:\/\/www.caririemacao.com\/1\/wp-json\/wp\/v2\/categories?post=38827"},{"taxonomy":"post_tag","embeddable":true,"href":"https:\/\/www.caririemacao.com\/1\/wp-json\/wp\/v2\/tags?post=38827"}],"curies":[{"name":"wp","href":"https:\/\/api.w.org\/{rel}","templated":true}]}}