{"id":38831,"date":"2018-01-26T12:08:44","date_gmt":"2018-01-26T15:08:44","guid":{"rendered":"http:\/\/caririemacao.com\/1\/?p=38831"},"modified":"2018-01-26T12:08:44","modified_gmt":"2018-01-26T15:08:44","slug":"advogado-entrega-passaporte-de-lula-a-policia-federal-em-sao-paulo","status":"publish","type":"post","link":"https:\/\/www.caririemacao.com\/1\/2018\/01\/26\/advogado-entrega-passaporte-de-lula-a-policia-federal-em-sao-paulo\/","title":{"rendered":"Advogado entrega passaporte de Lula \u00e0 Pol\u00edcia Federal em S\u00e3o Paulo"},"content":{"rendered":"<p>O advogado Cristiano Zanin Martins entregou no final da manh\u00e3 desta sexta-feira (26) o passaporte do ex-presidente Luiz In\u00e1cio Lula da Silva (PT) \u00e0 Pol\u00edcia Federal, em S\u00e3o Paulo. Zanin, que defende Lula em v\u00e1rios processos, atendeu a determina\u00e7\u00e3o do juiz substituto Ricardo Augusto Soares Leite, da 10\u00aa Vara Federal em Bras\u00edlia.<\/p>\n<p>Na quinta-feira (25), o magistrado atendeu a pedido da Procuradoria da Rep\u00fablica do Distrito Federal, que entende que o ex-presidente pode abandonar o pa\u00eds ap\u00f3s Tribunal Regional Federal da 4 \u00aa Regi\u00e3o (TRF4) confirmar a condena\u00e7\u00e3o de Lula na a\u00e7\u00e3o penal envolvendo o triplex no Guaruj\u00e1 (SP) e aumentou a pena do ex-presidente para 12 anos e um m\u00eas de pris\u00e3o.<\/p>\n<p>O juiz deu prazo de 24 horas para que o documento fosse entrega \u00e0 PF e determinou que o nome de Lula fosse inclu\u00eddo no cadastro de pessoas impedidas de deixar o pa\u00eds.<\/p>\n<p>Lula viajaria \u00e0 Eti\u00f3pia nesta sexta-feira (26) para participar de um evento da Organiza\u00e7\u00e3o das Na\u00e7\u00f5es Unidas para Agricultura e Alimenta\u00e7\u00e3o (FAO). O ex-presidente cancelou a viagem.<\/p>\n<p><strong>CARIRI EM A\u00c7\u00c3O<\/strong><\/p>\n<p><em>Com Ag\u00eancia Brasil\/Foto: Reprodu\u00e7\u00e3o Internet<\/em><\/p>\n<p><strong>Leia mais not\u00edcias em\u00a0<\/strong><a href=\"http:\/\/www.caririemacao.com\/\"><strong>caririemacao.com<\/strong><\/a><strong>, siga nossa p\u00e1gina no\u00a0<\/strong><a href=\"https:\/\/www.facebook.com\/CaririEmAcao\/?ref=aymt_homepage_panel\"><strong>Facebook<\/strong><\/a>,<strong>\u00a0<\/strong><a href=\"https:\/\/www.instagram.com\/cariri_em_acao\/?hl=pt-br\"><strong>Instagram<\/strong><\/a><strong>\u00a0e <\/strong><a href=\"https:\/\/www.youtube.com\/channel\/UCAptA0jQuYQy8vMhLt2m4qg\"><strong>Youtube<\/strong><\/a><strong>\u00a0e veja nossas mat\u00e9rias, v\u00eddeos e fotos. Voc\u00ea tamb\u00e9m pode enviar informa\u00e7\u00f5es \u00e0 Reda\u00e7\u00e3o do Portal Cariri em A\u00e7\u00e3o pelo WhatsApp (83) 9 9634.5791, (83) 9 9601-1162.<\/strong><\/p>\n","protected":false},"excerpt":{"rendered":"<p>O advogado Cristiano Zanin Martins entregou no final da manh\u00e3 desta sexta-feira (26) o passaporte do ex-presidente Luiz In\u00e1cio Lula da Silva (PT) \u00e0 Pol\u00edcia&hellip; <\/p>\n","protected":false},"author":2,"featured_media":38832,"comment_status":"closed","ping_status":"closed","sticky":false,"template":"","format":"standard","meta":{"sfsi_plus_gutenberg_text_before_share":"","sfsi_plus_gutenberg_show_text_before_share":"","sfsi_plus_gutenberg_icon_type":"","sfsi_plus_gutenberg_icon_alignemt":"","sfsi_plus_gutenburg_max_per_row":"","footnotes":""},"categories":[11],"tags":[],"class_list":["post-38831","post","type-post","status-publish","format-standard","has-post-thumbnail","hentry","category-politica"],"_links":{"self":[{"href":"https:\/\/www.caririemacao.com\/1\/wp-json\/wp\/v2\/posts\/38831","targetHints":{"allow":["GET"]}}],"collection":[{"href":"https:\/\/www.caririemacao.com\/1\/wp-json\/wp\/v2\/posts"}],"about":[{"href":"https:\/\/www.caririemacao.com\/1\/wp-json\/wp\/v2\/types\/post"}],"author":[{"embeddable":true,"href":"https:\/\/www.caririemacao.com\/1\/wp-json\/wp\/v2\/users\/2"}],"replies":[{"embeddable":true,"href":"https:\/\/www.caririemacao.com\/1\/wp-json\/wp\/v2\/comments?post=38831"}],"version-history":[{"count":0,"href":"https:\/\/www.caririemacao.com\/1\/wp-json\/wp\/v2\/posts\/38831\/revisions"}],"wp:featuredmedia":[{"embeddable":true,"href":"https:\/\/www.caririemacao.com\/1\/wp-json\/wp\/v2\/media\/38832"}],"wp:attachment":[{"href":"https:\/\/www.caririemacao.com\/1\/wp-json\/wp\/v2\/media?parent=38831"}],"wp:term":[{"taxonomy":"category","embeddable":true,"href":"https:\/\/www.caririemacao.com\/1\/wp-json\/wp\/v2\/categories?post=38831"},{"taxonomy":"post_tag","embeddable":true,"href":"https:\/\/www.caririemacao.com\/1\/wp-json\/wp\/v2\/tags?post=38831"}],"curies":[{"name":"wp","href":"https:\/\/api.w.org\/{rel}","templated":true}]}}