{"id":38834,"date":"2018-01-26T12:31:53","date_gmt":"2018-01-26T15:31:53","guid":{"rendered":"http:\/\/caririemacao.com\/1\/?p=38834"},"modified":"2018-01-26T12:36:20","modified_gmt":"2018-01-26T15:36:20","slug":"em-evento-presidido-pelo-governador-veneziano-e-chamado-de-futuro-senador-da-paraiba","status":"publish","type":"post","link":"https:\/\/www.caririemacao.com\/1\/2018\/01\/26\/em-evento-presidido-pelo-governador-veneziano-e-chamado-de-futuro-senador-da-paraiba\/","title":{"rendered":"Em evento presidido pelo Governador, Veneziano \u00e9 chamado de futuro senador da Para\u00edba"},"content":{"rendered":"<p>Durante a assinatura da autoriza\u00e7\u00e3o da implanta\u00e7\u00e3o de ramais do sistema adutor Nova Camar\u00e1, nesta quinta-feira, 25, o deputado federal Veneziano (MDB), foi saudado por autoridades pol\u00edticas e pessoas do povo, muitos destacando as qualidades do parlamentar e lhe saudando como futuro Senador pela Para\u00edba.<\/p>\n<p>No ato solene, presidido pelo Governador Ricardo Coutinho e pelo secret\u00e1rio de Recursos H\u00eddricos, Jo\u00e3o Azevedo, o deputado Veneziano disse que essa obra era uma resposta que estava sendo aguardada por muitos anos: \u201cEsse \u00e9 um momento importante e n\u00f3s nos sentimos bastante lisonjeados porque a gente sabe o que essa obra significa, \u00e9 a resposta de muitos anos daquelas pessoas que esperavam \u00e1gua n\u00e3o s\u00f3 para beber, mas tamb\u00e9m para servir de mat\u00e9ria prima para se desenvolver\u201d, disse RC, que ao ser indagado que se estava ali o futuro da Para\u00edba representado por Azev\u00eado e Veneziano afirmou: \u201cCom certeza. Um projeto pol\u00edtico que tem capacidade de fazer isso que fizemos. N\u00f3s estamos lidando aqui com o presente e com o futuro. Jo\u00e3o Azevedo \u00e9 quem coordena tudo isso desde o in\u00edcio e eu tenho tamb\u00e9m um prazer enorme de ter Veneziano nessa caminhada que \u00e9 ben\u00e9fica para a Para\u00edba.\u201d<\/p>\n<p>Na mesma solenidade para a implanta\u00e7\u00e3o de ramais do sistema adutor Nova Camar\u00e1 para beneficiar Montadas, Areial e Arara, esteve presente a Chefe da Casa Civil do Governo do Estado, Ana Cl\u00e1udia Vital, abra\u00e7ada da mesma forma e saudada como pr\u00e9-candidata a deputada estadual.<\/p>\n<p>Durante entrevista concedida ao programa Para\u00edba Verdade, da TV Arapuan, o emedebista ainda fez quest\u00e3o de exaltar o nome do secret\u00e1rio de Infraestrutura da Para\u00edba e pr\u00e9-candidato ao governo do Estado pelo PSB: \u201cEsse trabalho foi feito por Ricardo e Jo\u00e3o Azev\u00eado, que esteve \u00e0 frente\u201dRicardo.<\/p>\n<div style=\"width: 640px;\" class=\"wp-video\"><video class=\"wp-video-shortcode\" id=\"video-38834-1\" width=\"640\" height=\"480\" preload=\"metadata\" controls=\"controls\"><source type=\"video\/mp4\" src=\"http:\/\/caririemacao.com\/1\/wp-content\/uploads\/2018\/01\/Ricardo-Coutinho-avalia-que-Jo\u00e3o-Azevedo-e-Veneziano-s\u00e3o-o-futuro-da-Para\u00edba.mp4?_=1\" \/><a href=\"http:\/\/caririemacao.com\/1\/wp-content\/uploads\/2018\/01\/Ricardo-Coutinho-avalia-que-Jo\u00e3o-Azevedo-e-Veneziano-s\u00e3o-o-futuro-da-Para\u00edba.mp4\">http:\/\/caririemacao.com\/1\/wp-content\/uploads\/2018\/01\/Ricardo-Coutinho-avalia-que-Jo\u00e3o-Azevedo-e-Veneziano-s\u00e3o-o-futuro-da-Para\u00edba.mp4<\/a><\/video><\/div>\n<p><strong>CARIRI EM A\u00c7\u00c3O<\/strong><\/p>\n<p><em>Com\u00a0Bastidores da Pol\u00edtica\/Foto: Cariri em A\u00e7\u00e3o\u00a0<\/em><\/p>\n<p><strong>Leia mais not\u00edcias em\u00a0<\/strong><a href=\"http:\/\/www.caririemacao.com\/\"><strong>caririemacao.com<\/strong><\/a><strong>, siga nossa p\u00e1gina no\u00a0<\/strong><a href=\"https:\/\/www.facebook.com\/CaririEmAcao\/?ref=aymt_homepage_panel\"><strong>Facebook<\/strong><\/a>,<strong>\u00a0<\/strong><a href=\"https:\/\/www.instagram.com\/cariri_em_acao\/?hl=pt-br\"><strong>Instagram<\/strong><\/a><strong>\u00a0e <\/strong><a href=\"https:\/\/www.youtube.com\/channel\/UCAptA0jQuYQy8vMhLt2m4qg\"><strong>Youtube<\/strong><\/a><strong>\u00a0e veja nossas mat\u00e9rias, v\u00eddeos e fotos. Voc\u00ea tamb\u00e9m pode enviar informa\u00e7\u00f5es \u00e0 Reda\u00e7\u00e3o do Portal Cariri em A\u00e7\u00e3o pelo WhatsApp (83) 9 9634.5791, (83) 9 9601-1162.<\/strong><\/p>\n","protected":false},"excerpt":{"rendered":"<p>Durante a assinatura da autoriza\u00e7\u00e3o da implanta\u00e7\u00e3o de ramais do sistema adutor Nova Camar\u00e1, nesta quinta-feira, 25, o deputado federal Veneziano (MDB), foi saudado por&hellip; <\/p>\n","protected":false},"author":2,"featured_media":36457,"comment_status":"closed","ping_status":"closed","sticky":false,"template":"","format":"standard","meta":{"sfsi_plus_gutenberg_text_before_share":"","sfsi_plus_gutenberg_show_text_before_share":"","sfsi_plus_gutenberg_icon_type":"","sfsi_plus_gutenberg_icon_alignemt":"","sfsi_plus_gutenburg_max_per_row":"","footnotes":""},"categories":[1],"tags":[],"class_list":["post-38834","post","type-post","status-publish","format-standard","has-post-thumbnail","hentry","category-o-site"],"_links":{"self":[{"href":"https:\/\/www.caririemacao.com\/1\/wp-json\/wp\/v2\/posts\/38834","targetHints":{"allow":["GET"]}}],"collection":[{"href":"https:\/\/www.caririemacao.com\/1\/wp-json\/wp\/v2\/posts"}],"about":[{"href":"https:\/\/www.caririemacao.com\/1\/wp-json\/wp\/v2\/types\/post"}],"author":[{"embeddable":true,"href":"https:\/\/www.caririemacao.com\/1\/wp-json\/wp\/v2\/users\/2"}],"replies":[{"embeddable":true,"href":"https:\/\/www.caririemacao.com\/1\/wp-json\/wp\/v2\/comments?post=38834"}],"version-history":[{"count":0,"href":"https:\/\/www.caririemacao.com\/1\/wp-json\/wp\/v2\/posts\/38834\/revisions"}],"wp:featuredmedia":[{"embeddable":true,"href":"https:\/\/www.caririemacao.com\/1\/wp-json\/wp\/v2\/media\/36457"}],"wp:attachment":[{"href":"https:\/\/www.caririemacao.com\/1\/wp-json\/wp\/v2\/media?parent=38834"}],"wp:term":[{"taxonomy":"category","embeddable":true,"href":"https:\/\/www.caririemacao.com\/1\/wp-json\/wp\/v2\/categories?post=38834"},{"taxonomy":"post_tag","embeddable":true,"href":"https:\/\/www.caririemacao.com\/1\/wp-json\/wp\/v2\/tags?post=38834"}],"curies":[{"name":"wp","href":"https:\/\/api.w.org\/{rel}","templated":true}]}}