{"id":38835,"date":"2018-01-26T12:24:38","date_gmt":"2018-01-26T15:24:38","guid":{"rendered":"http:\/\/caririemacao.com\/1\/?p=38835"},"modified":"2018-01-26T12:24:38","modified_gmt":"2018-01-26T15:24:38","slug":"organizadora-do-concurso-da-prefeitura-de-esperanca-vai-reaplicar-provas-apos-plagio-de-questoes-2","status":"publish","type":"post","link":"https:\/\/www.caririemacao.com\/1\/2018\/01\/26\/organizadora-do-concurso-da-prefeitura-de-esperanca-vai-reaplicar-provas-apos-plagio-de-questoes-2\/","title":{"rendered":"Organizadora do concurso da Prefeitura de Esperan\u00e7a vai reaplicar provas ap\u00f3s pl\u00e1gio de quest\u00f5es"},"content":{"rendered":"<p>A Facet Concursos, organizadora do concurso da Prefeitura de Esperan\u00e7a, no Agreste paraibano, vai reaplicar provas, ap\u00f3s identifica\u00e7\u00e3o de quest\u00f5es plagiadas nas provas que foram aplicadas no dia 21 de janeiro. As provas foram remarcadas para o dia 4 de fevereiro de 2018.<\/p>\n<p><a href=\"http:\/\/www.facetconcursos.com.br\/#andamento\" target=\"true\">Acesse o site da Facet.<\/a><\/p>\n<p>Ser\u00e3o reaplicas as provas de did\u00e1tica dos cargos para professor de Ci\u00eancias, de Educa\u00e7\u00e3o F\u00edsica, de Geografia, Hist\u00f3ria, Ingl\u00eas, Portugu\u00eas e Matem\u00e1tica, no per\u00edodo da manh\u00e3, e professor de Educa\u00e7\u00e3o B\u00e1sica, no per\u00edodo da tarde. A aplica\u00e7\u00e3o das provas vai acontecer no mesmo turno e mesma escola, previstos nos cart\u00f5es de confirma\u00e7\u00e3o.<\/p>\n<p>Segundo a Facet Concursos, foi constatado que as provas de did\u00e1tica foram plagiadas pelo elaborador contratado. \u201cPedimos desculpas pelo inconveniente aos candidatos, pois n\u00e3o \u00e9 do car\u00e1ter da organizadora Facet Concursos cometer essa inadequa\u00e7\u00e3o\u201d, diz a nota da organizadora.<\/p>\n<p>A validade das provas dos demais cargos que tiveram provas no dia 21 est\u00e1 mantida. Os candidatos aos cargos de n\u00edvel fundamental e n\u00edvel m\u00e9dio s\u00f3 devem fazer as provas no pr\u00f3ximo domingo (28), conforme prev\u00ea o edital.<\/p>\n<p>De acordo com a empresa, o problema\u00a0causou-lhe\u00a0um \u201cgrande preju\u00edzo financeiro\u201d com a \u201ca\u00e7\u00e3o irrespons\u00e1vel\u201d do elaborador. E se for identificado que o erro foi cometido de forma proposital, a Facet informou que vai demitir e processar o funcion\u00e1rio.<\/p>\n<p>O concurso de Esperan\u00e7a oferece 243 vagas para cargos de n\u00edveis fundamental, m\u00e9dio, t\u00e9cnico e superior. De acordo com o edital, s\u00e3o oferecidas 15 vagas para pessoas com defici\u00eancia e mais uma vaga para cadastro de reserva.<\/p>\n<p>O gabarito preliminar das provas do dia 21 foi divulgado no site da organizadora. O resultado final do concurso deve sair at\u00e9 16 de mar\u00e7o.<\/p>\n<p><strong>CARIRI EM A\u00c7\u00c3O<\/strong><\/p>\n<p><em>Com\u00a0Clickpb \/Foto: Reprodu\u00e7\u00e3o Internet<\/em><\/p>\n<p><strong>Leia mais not\u00edcias em\u00a0<\/strong><a href=\"http:\/\/www.caririemacao.com\/\"><strong>caririemacao.com<\/strong><\/a><strong>, siga nossa p\u00e1gina no\u00a0<\/strong><a href=\"https:\/\/www.facebook.com\/CaririEmAcao\/?ref=aymt_homepage_panel\"><strong>Facebook<\/strong><\/a>,<strong>\u00a0<\/strong><a href=\"https:\/\/www.instagram.com\/cariri_em_acao\/?hl=pt-br\"><strong>Instagram<\/strong><\/a><strong>\u00a0e <\/strong><a href=\"https:\/\/www.youtube.com\/channel\/UCAptA0jQuYQy8vMhLt2m4qg\"><strong>Youtube<\/strong><\/a><strong>\u00a0e veja nossas mat\u00e9rias, v\u00eddeos e fotos. Voc\u00ea tamb\u00e9m pode enviar informa\u00e7\u00f5es \u00e0 Reda\u00e7\u00e3o do Portal Cariri em A\u00e7\u00e3o pelo WhatsApp (83) 9 9634.5791, (83) 9 9601-1162.<\/strong><\/p>\n","protected":false},"excerpt":{"rendered":"<p>A Facet Concursos, organizadora do concurso da Prefeitura de Esperan\u00e7a, no Agreste paraibano, vai reaplicar provas, ap\u00f3s identifica\u00e7\u00e3o de quest\u00f5es plagiadas nas provas que foram&hellip; <\/p>\n","protected":false},"author":2,"featured_media":7864,"comment_status":"closed","ping_status":"closed","sticky":false,"template":"","format":"standard","meta":{"sfsi_plus_gutenberg_text_before_share":"","sfsi_plus_gutenberg_show_text_before_share":"","sfsi_plus_gutenberg_icon_type":"","sfsi_plus_gutenberg_icon_alignemt":"","sfsi_plus_gutenburg_max_per_row":"","footnotes":""},"categories":[2],"tags":[],"class_list":["post-38835","post","type-post","status-publish","format-standard","has-post-thumbnail","hentry","category-geral"],"_links":{"self":[{"href":"https:\/\/www.caririemacao.com\/1\/wp-json\/wp\/v2\/posts\/38835","targetHints":{"allow":["GET"]}}],"collection":[{"href":"https:\/\/www.caririemacao.com\/1\/wp-json\/wp\/v2\/posts"}],"about":[{"href":"https:\/\/www.caririemacao.com\/1\/wp-json\/wp\/v2\/types\/post"}],"author":[{"embeddable":true,"href":"https:\/\/www.caririemacao.com\/1\/wp-json\/wp\/v2\/users\/2"}],"replies":[{"embeddable":true,"href":"https:\/\/www.caririemacao.com\/1\/wp-json\/wp\/v2\/comments?post=38835"}],"version-history":[{"count":0,"href":"https:\/\/www.caririemacao.com\/1\/wp-json\/wp\/v2\/posts\/38835\/revisions"}],"wp:featuredmedia":[{"embeddable":true,"href":"https:\/\/www.caririemacao.com\/1\/wp-json\/wp\/v2\/media\/7864"}],"wp:attachment":[{"href":"https:\/\/www.caririemacao.com\/1\/wp-json\/wp\/v2\/media?parent=38835"}],"wp:term":[{"taxonomy":"category","embeddable":true,"href":"https:\/\/www.caririemacao.com\/1\/wp-json\/wp\/v2\/categories?post=38835"},{"taxonomy":"post_tag","embeddable":true,"href":"https:\/\/www.caririemacao.com\/1\/wp-json\/wp\/v2\/tags?post=38835"}],"curies":[{"name":"wp","href":"https:\/\/api.w.org\/{rel}","templated":true}]}}