{"id":38837,"date":"2018-01-26T12:28:34","date_gmt":"2018-01-26T15:28:34","guid":{"rendered":"http:\/\/caririemacao.com\/1\/?p=38837"},"modified":"2018-01-26T12:28:34","modified_gmt":"2018-01-26T15:28:34","slug":"deputado-adriano-galdino-intermedia-reuniao-de-liderancas-do-cariri-com-secretario-de-educacao-prefeito-celio-do-tigre-foi-um-dos-participantes","status":"publish","type":"post","link":"https:\/\/www.caririemacao.com\/1\/2018\/01\/26\/deputado-adriano-galdino-intermedia-reuniao-de-liderancas-do-cariri-com-secretario-de-educacao-prefeito-celio-do-tigre-foi-um-dos-participantes\/","title":{"rendered":"Deputado Adriano Galdino intermedia reuni\u00e3o de lideran\u00e7as do Cariri com secretario de educa\u00e7\u00e3o. Prefeito C\u00e9lio do Tigre foi um dos participantes"},"content":{"rendered":"<p style=\"font-weight: 400;\">O Deputado estadual Adriano Galdino esteve recebendo prefeitos, ex-prefeitos e lideran\u00e7as pol\u00edticas de diversas cidades do Cariri e tamb\u00e9m da regi\u00e3o do planalto da Borborema e do agreste esta semana na capital paraibana.<\/p>\n<p style=\"font-weight: 400;\">Estiveram com o deputado, lideran\u00e7as de Cabaceiras, Cara\u00fabas, Olivedos, S\u00e3o Jos\u00e9 dos Cordeiros, S\u00e3o Jo\u00e3o do Tigre, Soledade, Campina Grande e Puxinan\u00e3.<\/p>\n<p style=\"font-weight: 400;\">O objetivo do encontro foi participar de uma audi\u00eancia com o Secret\u00e1rio Executivo de Estado da Educa\u00e7\u00e3o, Arthur Viana. Na pauta, melhorias na \u00e1rea da educa\u00e7\u00e3o para as referidas cidades.<\/p>\n<p style=\"font-weight: 400;\">O prefeito C\u00e9lio Barbosa foi um dos participantes do encontro e levou alguns pleitos do munic\u00edpio do Tigre na \u00e1rea educacional. Em breve o prefeito estar\u00e1 divulgando os resultados do encontro.<\/p>\n<p style=\"font-weight: 400;\">O deputado Adriano Galdino tem sido um elo forte e um excelente interlocutor em rela\u00e7\u00e3o aos pleitos e anseios n\u00e3o s\u00f3 de S\u00e3o Jo\u00e3o do Tigre, mas dos munic\u00edpios do Cariri junto ao governo do estado.<\/p>\n<p><strong>CARIRI EM A\u00c7\u00c3O<\/strong><\/p>\n<p><em>Com Tribuna do Cariri\/Foto: Reprodu\u00e7\u00e3o Internet<\/em><\/p>\n<p><strong>Leia mais not\u00edcias em\u00a0<\/strong><a href=\"http:\/\/www.caririemacao.com\/\"><strong>caririemacao.com<\/strong><\/a><strong>, siga nossa p\u00e1gina no\u00a0<\/strong><a href=\"https:\/\/www.facebook.com\/CaririEmAcao\/?ref=aymt_homepage_panel\"><strong>Facebook<\/strong><\/a>,<strong>\u00a0<\/strong><a href=\"https:\/\/www.instagram.com\/cariri_em_acao\/?hl=pt-br\"><strong>Instagram<\/strong><\/a><strong>\u00a0e <\/strong><a href=\"https:\/\/www.youtube.com\/channel\/UCAptA0jQuYQy8vMhLt2m4qg\"><strong>Youtube<\/strong><\/a><strong>\u00a0e veja nossas mat\u00e9rias, v\u00eddeos e fotos. Voc\u00ea tamb\u00e9m pode enviar informa\u00e7\u00f5es \u00e0 Reda\u00e7\u00e3o do Portal Cariri em A\u00e7\u00e3o pelo WhatsApp (83) 9 9634.5791, (83) 9 9601-1162.<\/strong><\/p>\n","protected":false},"excerpt":{"rendered":"<p>O Deputado estadual Adriano Galdino esteve recebendo prefeitos, ex-prefeitos e lideran\u00e7as pol\u00edticas de diversas cidades do Cariri e tamb\u00e9m da regi\u00e3o do planalto da Borborema&hellip; <\/p>\n","protected":false},"author":2,"featured_media":38839,"comment_status":"closed","ping_status":"closed","sticky":false,"template":"","format":"standard","meta":{"sfsi_plus_gutenberg_text_before_share":"","sfsi_plus_gutenberg_show_text_before_share":"","sfsi_plus_gutenberg_icon_type":"","sfsi_plus_gutenberg_icon_alignemt":"","sfsi_plus_gutenburg_max_per_row":"","footnotes":""},"categories":[11],"tags":[],"class_list":["post-38837","post","type-post","status-publish","format-standard","has-post-thumbnail","hentry","category-politica"],"_links":{"self":[{"href":"https:\/\/www.caririemacao.com\/1\/wp-json\/wp\/v2\/posts\/38837","targetHints":{"allow":["GET"]}}],"collection":[{"href":"https:\/\/www.caririemacao.com\/1\/wp-json\/wp\/v2\/posts"}],"about":[{"href":"https:\/\/www.caririemacao.com\/1\/wp-json\/wp\/v2\/types\/post"}],"author":[{"embeddable":true,"href":"https:\/\/www.caririemacao.com\/1\/wp-json\/wp\/v2\/users\/2"}],"replies":[{"embeddable":true,"href":"https:\/\/www.caririemacao.com\/1\/wp-json\/wp\/v2\/comments?post=38837"}],"version-history":[{"count":0,"href":"https:\/\/www.caririemacao.com\/1\/wp-json\/wp\/v2\/posts\/38837\/revisions"}],"wp:featuredmedia":[{"embeddable":true,"href":"https:\/\/www.caririemacao.com\/1\/wp-json\/wp\/v2\/media\/38839"}],"wp:attachment":[{"href":"https:\/\/www.caririemacao.com\/1\/wp-json\/wp\/v2\/media?parent=38837"}],"wp:term":[{"taxonomy":"category","embeddable":true,"href":"https:\/\/www.caririemacao.com\/1\/wp-json\/wp\/v2\/categories?post=38837"},{"taxonomy":"post_tag","embeddable":true,"href":"https:\/\/www.caririemacao.com\/1\/wp-json\/wp\/v2\/tags?post=38837"}],"curies":[{"name":"wp","href":"https:\/\/api.w.org\/{rel}","templated":true}]}}