{"id":38850,"date":"2018-01-26T13:10:34","date_gmt":"2018-01-26T16:10:34","guid":{"rendered":"http:\/\/caririemacao.com\/1\/?p=38850"},"modified":"2018-01-26T13:10:34","modified_gmt":"2018-01-26T16:10:34","slug":"policia-desarticula-quadrilha-e-apreende-explosivos-armas-e-municoes-na-pb","status":"publish","type":"post","link":"https:\/\/www.caririemacao.com\/1\/2018\/01\/26\/policia-desarticula-quadrilha-e-apreende-explosivos-armas-e-municoes-na-pb\/","title":{"rendered":"Pol\u00edcia desarticula quadrilha e apreende explosivos, armas e muni\u00e7\u00f5es na PB"},"content":{"rendered":"<p>A Pol\u00edcia Militar desarticulou, na madrugada desta sexta-feira (26), o esconderijo de um grupo criminoso e apreendeu explosivos, armas de fogo e muni\u00e7\u00f5es que seriam utilizados em ataques a institui\u00e7\u00f5es banc\u00e1rias na Para\u00edba. A a\u00e7\u00e3o recuperou ainda um carro roubado, apreendeu mais dois ve\u00edculos e coletes bal\u00edsticos. As apreens\u00f5es aconteceram durante a Opera\u00e7\u00e3o Cidade Segura, no munic\u00edpio de Uira\u00fana, localizado no Sert\u00e3o paraibano, a 480 quil\u00f4metros de Jo\u00e3o Pessoa.<\/p>\n<p>Policiais do 6\u00ba Batalh\u00e3o estavam em opera\u00e7\u00e3o nas proximidades da cidade, quando suspeitaram de dois ve\u00edculos escondidos por tr\u00e1s de uma casa. Durante a aproxima\u00e7\u00e3o, um suspeito percebeu a presen\u00e7a da PM e fugiu.<\/p>\n<p>Os dois carros eram um Celta prata, que tinha uma placa fria e estava com restri\u00e7\u00e3o de roubo e furto, e um Gol preto. Uma motocicleta tamb\u00e9m foi encontrada no local. Para a pol\u00edcia, os materiais apreendidos iriam ser utilizados por um grupo em um ataque a institui\u00e7\u00f5es banc\u00e1rias.<\/p>\n<p>O Grupo de A\u00e7\u00f5es T\u00e1ticas Especiais (Gate) foi chamado para desativar os explosivos.<\/p>\n<p>Todo o material apreendido pela PM est\u00e1 sendo levado ainda nesta sexta-feira para a Delegacia de Uira\u00fana. O suspeito que fugiu continua sendo procurado.<\/p>\n<p><strong>CARIRI EM A\u00c7\u00c3O<\/strong><\/p>\n<p><em>Com Portal Correio\/Foto:Divulga\u00e7\u00e3o<\/em><\/p>\n<p><strong>Leia mais not\u00edcias em\u00a0<\/strong><a href=\"http:\/\/www.caririemacao.com\/\"><strong>caririemacao.com<\/strong><\/a><strong>, siga nossa p\u00e1gina no\u00a0<\/strong><a href=\"https:\/\/www.facebook.com\/CaririEmAcao\/?ref=aymt_homepage_panel\"><strong>Facebook<\/strong><\/a>,<strong>\u00a0<\/strong><a href=\"https:\/\/www.instagram.com\/cariri_em_acao\/?hl=pt-br\"><strong>Instagram<\/strong><\/a><strong>\u00a0e <\/strong><a href=\"https:\/\/www.youtube.com\/channel\/UCAptA0jQuYQy8vMhLt2m4qg\"><strong>Youtube<\/strong><\/a><strong>\u00a0e veja nossas mat\u00e9rias, v\u00eddeos e fotos. Voc\u00ea tamb\u00e9m pode enviar informa\u00e7\u00f5es \u00e0 Reda\u00e7\u00e3o do Portal Cariri em A\u00e7\u00e3o pelo WhatsApp (83) 9 9634.5791, (83) 9 9601-1162.<\/strong><\/p>\n","protected":false},"excerpt":{"rendered":"<p>A Pol\u00edcia Militar desarticulou, na madrugada desta sexta-feira (26), o esconderijo de um grupo criminoso e apreendeu explosivos, armas de fogo e muni\u00e7\u00f5es que seriam&hellip; <\/p>\n","protected":false},"author":2,"featured_media":38851,"comment_status":"closed","ping_status":"closed","sticky":false,"template":"","format":"standard","meta":{"sfsi_plus_gutenberg_text_before_share":"","sfsi_plus_gutenberg_show_text_before_share":"","sfsi_plus_gutenberg_icon_type":"","sfsi_plus_gutenberg_icon_alignemt":"","sfsi_plus_gutenburg_max_per_row":"","footnotes":""},"categories":[12],"tags":[],"class_list":["post-38850","post","type-post","status-publish","format-standard","has-post-thumbnail","hentry","category-policia"],"_links":{"self":[{"href":"https:\/\/www.caririemacao.com\/1\/wp-json\/wp\/v2\/posts\/38850","targetHints":{"allow":["GET"]}}],"collection":[{"href":"https:\/\/www.caririemacao.com\/1\/wp-json\/wp\/v2\/posts"}],"about":[{"href":"https:\/\/www.caririemacao.com\/1\/wp-json\/wp\/v2\/types\/post"}],"author":[{"embeddable":true,"href":"https:\/\/www.caririemacao.com\/1\/wp-json\/wp\/v2\/users\/2"}],"replies":[{"embeddable":true,"href":"https:\/\/www.caririemacao.com\/1\/wp-json\/wp\/v2\/comments?post=38850"}],"version-history":[{"count":0,"href":"https:\/\/www.caririemacao.com\/1\/wp-json\/wp\/v2\/posts\/38850\/revisions"}],"wp:featuredmedia":[{"embeddable":true,"href":"https:\/\/www.caririemacao.com\/1\/wp-json\/wp\/v2\/media\/38851"}],"wp:attachment":[{"href":"https:\/\/www.caririemacao.com\/1\/wp-json\/wp\/v2\/media?parent=38850"}],"wp:term":[{"taxonomy":"category","embeddable":true,"href":"https:\/\/www.caririemacao.com\/1\/wp-json\/wp\/v2\/categories?post=38850"},{"taxonomy":"post_tag","embeddable":true,"href":"https:\/\/www.caririemacao.com\/1\/wp-json\/wp\/v2\/tags?post=38850"}],"curies":[{"name":"wp","href":"https:\/\/api.w.org\/{rel}","templated":true}]}}