{"id":38863,"date":"2018-01-26T19:32:04","date_gmt":"2018-01-26T22:32:04","guid":{"rendered":"http:\/\/caririemacao.com\/1\/?p=38863"},"modified":"2018-01-26T19:32:04","modified_gmt":"2018-01-26T22:32:04","slug":"para-economizar-governo-muda-regra-para-planos-de-saude-de-estatais","status":"publish","type":"post","link":"https:\/\/www.caririemacao.com\/1\/2018\/01\/26\/para-economizar-governo-muda-regra-para-planos-de-saude-de-estatais\/","title":{"rendered":"Para economizar, governo muda regra para planos de sa\u00fade de estatais"},"content":{"rendered":"<p>O governo federal alterou as regras para a participa\u00e7\u00e3o dos funcion\u00e1rios das empresas estatais em planos de sa\u00fade. Duas resolu\u00e7\u00f5es publicadas nesta sexta-feira (26) no &#8220;Di\u00e1rio Oficial da Uni\u00e3o&#8221; aumentam a participa\u00e7\u00e3o dos novos funcion\u00e1rios no pagamento das mensalidades.<\/p>\n<p>Os empregados ter\u00e3o que contribuir com o mesmo montante que seus empregadores. Atualmente, as estatais bancam, em m\u00e9dia 77% dos gastos com os planos. O prazo de migra\u00e7\u00e3o para o sistema parit\u00e1rio (50% pago pelos funcion\u00e1rios e 50% pelas empresas) \u00e9 de 48 meses.<\/p>\n<p>As resolu\u00e7\u00f5es da Comiss\u00e3o Interministerial de Administra\u00e7\u00e3o de Participa\u00e7\u00f5es Societ\u00e1rias da Uni\u00e3o visam estancar o crescimento de gastos das estatais.<\/p>\n<p>As resolu\u00e7\u00f5es tamb\u00e9m definem um teto de gasto com plano de sa\u00fade. N\u00e3o pode passar de 8% da folha salarial ou aumentar mais do que 10% do que foi pago no ano anterior -valendo o que for menor.<\/p>\n<p>De acordo com dados do Minist\u00e9rio do Planejamento, os gastos das estatais com os planos de sa\u00fade passam de R$ 9 bilh\u00f5es por ano para 500 mil funcion\u00e1rios de 147 empresas estatais.<\/p>\n<p>Conforme a Folha de S.Paulo informou, planos de sa\u00fade de estatais federais podem custar o triplo do privado. Na modalidade de autogest\u00e3o, em que uma empresa sem fins lucrativos \u00e9 contratada para gerir o plano de sa\u00fade, o gasto m\u00e9dio por funcion\u00e1rio \u00e9 de R$ 10.163,62 ao ano.<\/p>\n<p>J\u00e1 no setor privado, as empresas pagam, tamb\u00e9m em m\u00e9dia, R$ 3.858 pela assist\u00eancia, de acordo com pesquisa feita pela consultoria Mercer Marsh Benef\u00edcios.<\/p>\n<p>O impacto ser\u00e1 sentido, principalmente, na Infraero e nos Correios, que s\u00e3o as estatais que mais financiam os seus planos de sa\u00fade, ao pagar, respectivamente, 93% e 95% da mensalidade das suas assist\u00eancias.<\/p>\n<p>Outra modifica\u00e7\u00e3o \u00e9 que a assist\u00eancia n\u00e3o poder\u00e1 mais ser estendida aos pais dos funcion\u00e1rios, como ocorre atualmente em alguns planos dos Correios. Valer\u00e1 para os c\u00f4njuges ou companheiros de uni\u00e3o est\u00e1vel, inclusive os do mesmo sexo. J\u00e1 os filhos s\u00e3o contemplados at\u00e9 os 21 anos, com exce\u00e7\u00e3o dos que s\u00e3o portadores de algumas necessidades especiais. A regulamenta\u00e7\u00e3o vale apenas para os novos funcion\u00e1rios.<\/p>\n<p><strong>CARIRI EM A\u00c7\u00c3O<\/strong><\/p>\n<p><em>Com Folhapress\/Foto: Reprodu\u00e7\u00e3o google<\/em><\/p>\n<p><strong>Leia mais not\u00edcias em\u00a0<\/strong><a href=\"http:\/\/www.caririemacao.com\/\"><strong>caririemacao.com<\/strong><\/a><strong>, siga nossa p\u00e1gina no\u00a0<\/strong><a href=\"https:\/\/www.facebook.com\/CaririEmAcao\/?ref=aymt_homepage_panel\"><strong>Facebook<\/strong><\/a>,<strong>\u00a0<\/strong><a href=\"https:\/\/www.instagram.com\/cariri_em_acao\/?hl=pt-br\"><strong>Instagram<\/strong><\/a><strong>\u00a0e\u00a0<\/strong><a href=\"https:\/\/www.youtube.com\/channel\/UCAptA0jQuYQy8vMhLt2m4qg\"><strong>Youtube<\/strong><\/a><strong>\u00a0e veja nossas mat\u00e9rias, v\u00eddeos e fotos. Voc\u00ea tamb\u00e9m pode enviar informa\u00e7\u00f5es \u00e0 Reda\u00e7\u00e3o do Portal Cariri em A\u00e7\u00e3o pelo WhatsApp (83) 9 9634.5791, (83) 9 9601-1162.<\/strong><\/p>\n","protected":false},"excerpt":{"rendered":"<p>O governo federal alterou as regras para a participa\u00e7\u00e3o dos funcion\u00e1rios das empresas estatais em planos de sa\u00fade. Duas resolu\u00e7\u00f5es publicadas nesta sexta-feira (26) no&hellip; <\/p>\n","protected":false},"author":2,"featured_media":38864,"comment_status":"closed","ping_status":"closed","sticky":false,"template":"","format":"standard","meta":{"sfsi_plus_gutenberg_text_before_share":"","sfsi_plus_gutenberg_show_text_before_share":"","sfsi_plus_gutenberg_icon_type":"","sfsi_plus_gutenberg_icon_alignemt":"","sfsi_plus_gutenburg_max_per_row":"","footnotes":""},"categories":[16],"tags":[],"class_list":["post-38863","post","type-post","status-publish","format-standard","has-post-thumbnail","hentry","category-saude"],"_links":{"self":[{"href":"https:\/\/www.caririemacao.com\/1\/wp-json\/wp\/v2\/posts\/38863","targetHints":{"allow":["GET"]}}],"collection":[{"href":"https:\/\/www.caririemacao.com\/1\/wp-json\/wp\/v2\/posts"}],"about":[{"href":"https:\/\/www.caririemacao.com\/1\/wp-json\/wp\/v2\/types\/post"}],"author":[{"embeddable":true,"href":"https:\/\/www.caririemacao.com\/1\/wp-json\/wp\/v2\/users\/2"}],"replies":[{"embeddable":true,"href":"https:\/\/www.caririemacao.com\/1\/wp-json\/wp\/v2\/comments?post=38863"}],"version-history":[{"count":0,"href":"https:\/\/www.caririemacao.com\/1\/wp-json\/wp\/v2\/posts\/38863\/revisions"}],"wp:featuredmedia":[{"embeddable":true,"href":"https:\/\/www.caririemacao.com\/1\/wp-json\/wp\/v2\/media\/38864"}],"wp:attachment":[{"href":"https:\/\/www.caririemacao.com\/1\/wp-json\/wp\/v2\/media?parent=38863"}],"wp:term":[{"taxonomy":"category","embeddable":true,"href":"https:\/\/www.caririemacao.com\/1\/wp-json\/wp\/v2\/categories?post=38863"},{"taxonomy":"post_tag","embeddable":true,"href":"https:\/\/www.caririemacao.com\/1\/wp-json\/wp\/v2\/tags?post=38863"}],"curies":[{"name":"wp","href":"https:\/\/api.w.org\/{rel}","templated":true}]}}