{"id":38866,"date":"2018-01-26T19:39:41","date_gmt":"2018-01-26T22:39:41","guid":{"rendered":"http:\/\/caririemacao.com\/1\/?p=38866"},"modified":"2018-01-26T19:47:26","modified_gmt":"2018-01-26T22:47:26","slug":"rc-e-destaque-em-site-nacional-ao-defender-lula-e-afirmar-que-querem-destruir-a-maior-lideranca-deste-pais","status":"publish","type":"post","link":"https:\/\/www.caririemacao.com\/1\/2018\/01\/26\/rc-e-destaque-em-site-nacional-ao-defender-lula-e-afirmar-que-querem-destruir-a-maior-lideranca-deste-pais\/","title":{"rendered":"Ricardo \u00e9 destaque em site nacional ao defender Lula e afirmar que: \u201cquerem destruir a maior lideran\u00e7a deste pa\u00eds\u201d"},"content":{"rendered":"<p>Considerado um aliado do ex-presidente Lula, o governador da Para\u00edba, Ricardo Coutinho (PSB), afirmou que a decis\u00e3o do Tribunal Regional Federal da 4\u00aa Regi\u00e3o (TRF-4), que por unanimidade condenou o ex-presidente Lula em segunda inst\u00e2ncia, aumentando sua pena para 12 anos e 1 m\u00eas de pris\u00e3o no caso do triplex no Guaruj\u00e1 (SP) , exp\u00f5e a fragilidade da democracia representativa. Para ele, as decis\u00f5es tomadas contra o petista \u201cse traduzem em um processo que tenta destruir a maior lideran\u00e7a pol\u00edtica e popular que existe\u201d no Brasil.<\/p>\n<p>\u201cN\u00e3o se comemora [a decis\u00e3o do TRF-4]. Comemora porque n\u00e3o tem, \u00e0s vezes, sequer no\u00e7\u00e3o do que est\u00e1 comemorando. A hist\u00f3ria do presidente Lula, de certa forma, \u00e9 a hist\u00f3ria da redemocratiza\u00e7\u00e3o desse pa\u00eds, do ponto de vista popular\u201d, disse.<\/p>\n<p>Coutinho defendeu a \u201cunicidade das for\u00e7as progressistas de raiz\u201d, e ressaltou que o Brasil, com as atuais lideran\u00e7as pol\u00edticas, est\u00e1 \u00e0 \u201cderiva\u201d.\u00a0 \u201cO pa\u00eds nunca esteve t\u00e3o amea\u00e7ado no seu futuro, na sua falsa paz social. O pa\u00eds est\u00e1 \u00e0 deriva. Est\u00e1 quebrando tudo, desde a economia at\u00e9 \u00e0s condi\u00e7\u00f5es desiguais individuais e coletivas\u201d.<\/p>\n<p>Assim que terminou o julgamento no TRF-4, na noite da \u00faltima quarta-feira (24), Coutinho telefonou para o ex-presidente, que, na ocasi\u00e3o, afirmou estar tranquilo e confirmou que continuaria andando pelo pa\u00eds, apresentando-se como pr\u00e9-candidato \u00e0 Presid\u00eancia da Rep\u00fablica. \u201cEle disse que estava absolutamente tranquilo, que n\u00e3o esperava um resultado diferente nessa inst\u00e2ncia, at\u00e9 por tudo que tinha sido dito e pela condu\u00e7\u00e3o do processo dele. Lula apenas disse que vai continuar a viajar pelo pa\u00eds\u201d, contou o governador ao Congresso em Foco.<\/p>\n<p>Sobre uma poss\u00edvel alian\u00e7a do PT com o PSB no estado, Coutinho revelou que seu partido ainda n\u00e3o conversou com o PT, mas que far\u00e1 isso em breve. \u201cO PSB vai discutir a conjuntura pol\u00edtica e eleitoral no momento oportuno, que \u00e9 l\u00e1 para o m\u00eas de mar\u00e7o\u201d.<\/p>\n<h2>Sem compromisso e sem voto<\/h2>\n<p>Questionado sobre a corrida presidencial sem o ex-presidente Lula na disputa, nas elei\u00e7\u00f5es de outubro, Coutinho criticou o governo do presidente Michel Temer e, sem citar nomes, apontou que o atual governo sai fortalecido. Ele tamb\u00e9m acusou a atual gest\u00e3o de n\u00e3o ter compromisso com a sociedade, ao buscar a concentra\u00e7\u00e3o de riquezas em setores estrat\u00e9gicos.<\/p>\n<p>\u201cQuem ganha com isso s\u00e3o os setores irrespons\u00e1veis da Rep\u00fablica brasileira. A democracia para esse pessoal \u00e9 s\u00f3 um detalhe. Quem ganha \u00e9 esse setor que governa o Brasil. S\u00e3o essas pessoas que n\u00e3o t\u00eam compromisso com o Brasil, e nem voto\u201d, avaliou.<\/p>\n<p>\u201cO que eu acho \u00e9 que, nesse pa\u00eds de muita gente errada e solta por a\u00ed, fazer uma condena\u00e7\u00e3o sem que as provas estejam claras, objetivas e p\u00fablicas, o que \u00e9 um caso como esse, \u00e9 uma temeridade que coloca em risco o princ\u00edpio democr\u00e1tico desse pa\u00eds j\u00e1 t\u00e3o arranhado com os fatos recentes dos \u00faltimos tr\u00eas anos\u201d, ponderou o governador. Ele citou como exemplo o impeachment da ex-presidente Dilma, bem como a divulga\u00e7\u00e3o do \u00e1udio de uma conversa da petista com Lula, obtida por meio de grampo telef\u00f4nico, que culminou na decis\u00e3o da Justi\u00e7a que a impediu de nomear o ex-presidente \u00e0 Casa Civil em 2016.<\/p>\n<h2>Ministro por um dia<\/h2>\n<p>Em meio ao cerco a Lula na Lava Jato, o avan\u00e7o da crise pol\u00edtica e o processo de impeachment contra Dilma na C\u00e2mara, a petista resolveu nomear seu padrinho pol\u00edtico como ministro da Casa Civil, no dia 17 de mar\u00e7o de 2016. Uma guerra judicial, com decis\u00f5es em v\u00e1rias inst\u00e2ncias, o impediu de assumir as fun\u00e7\u00f5es de fato. No dia seguinte, o ministro Gilmar Mendes, do Supremo Tribunal Federal (STF), p\u00f4s um ponto-final no assunto: acolheu pedido de liminar do PSDB e do PPS contra a nomea\u00e7\u00e3o do petista.<\/p>\n<p>Vale lembrar que o caso foi denunciado pelo Minist\u00e9rio P\u00fablico Federal (MPF), que entendeu que a nomea\u00e7\u00e3o \u00e0s pressas de Lula seria uma forma de garantir ao petista foro privilegiado. Condenado em segunda inst\u00e2ncia, o ex-presidente enfrenta outros nove processos na Justi\u00e7a.<\/p>\n<p><strong>CARIRI EM A\u00c7\u00c3O<\/strong><\/p>\n<p><em>Com Congresso em Foco\/Foto:\u00a0F\u00e1bio Augusto<\/em><\/p>\n<p><strong>Leia mais not\u00edcias em\u00a0<\/strong><a href=\"http:\/\/www.caririemacao.com\/\"><strong>caririemacao.com<\/strong><\/a><strong>, siga nossa p\u00e1gina no\u00a0<\/strong><a href=\"https:\/\/www.facebook.com\/CaririEmAcao\/?ref=aymt_homepage_panel\"><strong>Facebook<\/strong><\/a>,<strong>\u00a0<\/strong><a href=\"https:\/\/www.instagram.com\/cariri_em_acao\/?hl=pt-br\"><strong>Instagram<\/strong><\/a><strong>\u00a0e\u00a0<\/strong><a href=\"https:\/\/www.youtube.com\/channel\/UCAptA0jQuYQy8vMhLt2m4qg\"><strong>Youtube<\/strong><\/a><strong>\u00a0e veja nossas mat\u00e9rias, v\u00eddeos e fotos. Voc\u00ea tamb\u00e9m pode enviar informa\u00e7\u00f5es \u00e0 Reda\u00e7\u00e3o do Portal Cariri em A\u00e7\u00e3o pelo WhatsApp (83) 9 9634.5791, (83) 9 9601-1162.<\/strong><\/p>\n","protected":false},"excerpt":{"rendered":"<p>Considerado um aliado do ex-presidente Lula, o governador da Para\u00edba, Ricardo Coutinho (PSB), afirmou que a decis\u00e3o do Tribunal Regional Federal da 4\u00aa Regi\u00e3o (TRF-4),&hellip; <\/p>\n","protected":false},"author":2,"featured_media":38867,"comment_status":"closed","ping_status":"closed","sticky":false,"template":"","format":"standard","meta":{"sfsi_plus_gutenberg_text_before_share":"","sfsi_plus_gutenberg_show_text_before_share":"","sfsi_plus_gutenberg_icon_type":"","sfsi_plus_gutenberg_icon_alignemt":"","sfsi_plus_gutenburg_max_per_row":"","footnotes":""},"categories":[11],"tags":[],"class_list":["post-38866","post","type-post","status-publish","format-standard","has-post-thumbnail","hentry","category-politica"],"_links":{"self":[{"href":"https:\/\/www.caririemacao.com\/1\/wp-json\/wp\/v2\/posts\/38866","targetHints":{"allow":["GET"]}}],"collection":[{"href":"https:\/\/www.caririemacao.com\/1\/wp-json\/wp\/v2\/posts"}],"about":[{"href":"https:\/\/www.caririemacao.com\/1\/wp-json\/wp\/v2\/types\/post"}],"author":[{"embeddable":true,"href":"https:\/\/www.caririemacao.com\/1\/wp-json\/wp\/v2\/users\/2"}],"replies":[{"embeddable":true,"href":"https:\/\/www.caririemacao.com\/1\/wp-json\/wp\/v2\/comments?post=38866"}],"version-history":[{"count":0,"href":"https:\/\/www.caririemacao.com\/1\/wp-json\/wp\/v2\/posts\/38866\/revisions"}],"wp:featuredmedia":[{"embeddable":true,"href":"https:\/\/www.caririemacao.com\/1\/wp-json\/wp\/v2\/media\/38867"}],"wp:attachment":[{"href":"https:\/\/www.caririemacao.com\/1\/wp-json\/wp\/v2\/media?parent=38866"}],"wp:term":[{"taxonomy":"category","embeddable":true,"href":"https:\/\/www.caririemacao.com\/1\/wp-json\/wp\/v2\/categories?post=38866"},{"taxonomy":"post_tag","embeddable":true,"href":"https:\/\/www.caririemacao.com\/1\/wp-json\/wp\/v2\/tags?post=38866"}],"curies":[{"name":"wp","href":"https:\/\/api.w.org\/{rel}","templated":true}]}}