{"id":38869,"date":"2018-01-26T19:45:50","date_gmt":"2018-01-26T22:45:50","guid":{"rendered":"http:\/\/caririemacao.com\/1\/?p=38869"},"modified":"2018-01-26T19:45:50","modified_gmt":"2018-01-26T22:45:50","slug":"posse-coletiva-de-professores-concursados-acontecera-no-dia-5","status":"publish","type":"post","link":"https:\/\/www.caririemacao.com\/1\/2018\/01\/26\/posse-coletiva-de-professores-concursados-acontecera-no-dia-5\/","title":{"rendered":"Posse coletiva de professores concursados acontecer\u00e1 no dia 5"},"content":{"rendered":"<p>O resultado final com a lista de aprovados no concurso p\u00fablico para o cargo de Professor de Educa\u00e7\u00e3o B\u00e1sica 3 da Rede Estadual de Ensino da Para\u00edba foi divulgado no Di\u00e1rio Oficial do Estado (DOE) desta sexta-feira (26), a partir da p\u00e1gina 7 (http:\/\/static.paraiba.pb.gov.br\/2018\/01\/Diario-Oficial-26-01-2018.pdf). A homologa\u00e7\u00e3o do certame, bem como o edital de convoca\u00e7\u00e3o ser\u00e3o publicados no Di\u00e1rio Oficial deste s\u00e1bado (27), enquanto os atos de nomea\u00e7\u00e3o dos candidatos classificados nas vagas ser\u00e3o publicados no pr\u00f3ximo dia 30. A posse coletiva est\u00e1 prevista para o pr\u00f3ximo dia 5 de fevereiro.<\/p>\n<p>A prova para professor do ensino m\u00e9dio na Para\u00edba aconteceu no \u00faltimo dia 3 de dezembro, para mais de 28 mil inscritos, nas cidades sede das 14 GREs. O concurso ofereceu 1 mil vagas para professor.<\/p>\n<p>De acordo com a diretora de Recursos Humanos da Secretaria de Estado da Administra\u00e7\u00e3o, Gra\u00e7a Aquino, o resultado final leva em considera\u00e7\u00e3o a nota da prova objetiva e da an\u00e1lise de t\u00edtulos. A lista \u00e9 dividida por Ger\u00eancias Regionais de Educa\u00e7\u00e3o (GRE). \u201cJ\u00e1 os candidatos eliminados na prova objetiva podem consultar a pontua\u00e7\u00e3o individual em um espa\u00e7o dispon\u00edvel no site da banca organizadora, o Instituto Brasileiro de Apoio e Desenvolvimento Executivo (Ibade)\u201d, informou a diretora.<\/p>\n<p>Segundo o cronograma final do certame, a cerim\u00f4nia de posse coletiva dos candidatos aprovados est\u00e1 prevista para acontecer no dia 5 de fevereiro, no Espa\u00e7o Cultural, em Jo\u00e3o Pessoa. A posse individual com a entrega dos documentos ser\u00e1 feita at\u00e9 o dia 9 de fevereiro, tamb\u00e9m no Espa\u00e7o Cultural. Ap\u00f3s essa data, os candidatos que n\u00e3o tenham tomado posse devem procurar a Ger\u00eancia de Posse, no Centro Administrativo Estadual, em Jaguaribe, com os documentos exigidos.<\/p>\n<p><strong>CARIRI EM A\u00c7\u00c3O<\/strong><\/p>\n<p><em>Com Para\u00edbaj\u00e1\/Foto: Reprodu\u00e7\u00e3o Internet<\/em><\/p>\n<p><strong>Leia mais not\u00edcias em\u00a0<\/strong><a href=\"http:\/\/www.caririemacao.com\/\"><strong>caririemacao.com<\/strong><\/a><strong>, siga nossa p\u00e1gina no\u00a0<\/strong><a href=\"https:\/\/www.facebook.com\/CaririEmAcao\/?ref=aymt_homepage_panel\"><strong>Facebook<\/strong><\/a>,<strong>\u00a0<\/strong><a href=\"https:\/\/www.instagram.com\/cariri_em_acao\/?hl=pt-br\"><strong>Instagram<\/strong><\/a><strong>\u00a0e\u00a0<\/strong><a href=\"https:\/\/www.youtube.com\/channel\/UCAptA0jQuYQy8vMhLt2m4qg\"><strong>Youtube<\/strong><\/a><strong>\u00a0e veja nossas mat\u00e9rias, v\u00eddeos e fotos. Voc\u00ea tamb\u00e9m pode enviar informa\u00e7\u00f5es \u00e0 Reda\u00e7\u00e3o do Portal Cariri em A\u00e7\u00e3o pelo WhatsApp (83) 9 9634.5791, (83) 9 9601-1162.<\/strong><\/p>\n<p>&nbsp;<\/p>\n","protected":false},"excerpt":{"rendered":"<p>O resultado final com a lista de aprovados no concurso p\u00fablico para o cargo de Professor de Educa\u00e7\u00e3o B\u00e1sica 3 da Rede Estadual de Ensino&hellip; <\/p>\n","protected":false},"author":2,"featured_media":38871,"comment_status":"closed","ping_status":"closed","sticky":false,"template":"","format":"standard","meta":{"sfsi_plus_gutenberg_text_before_share":"","sfsi_plus_gutenberg_show_text_before_share":"","sfsi_plus_gutenberg_icon_type":"","sfsi_plus_gutenberg_icon_alignemt":"","sfsi_plus_gutenburg_max_per_row":"","footnotes":""},"categories":[2],"tags":[],"class_list":["post-38869","post","type-post","status-publish","format-standard","has-post-thumbnail","hentry","category-geral"],"_links":{"self":[{"href":"https:\/\/www.caririemacao.com\/1\/wp-json\/wp\/v2\/posts\/38869","targetHints":{"allow":["GET"]}}],"collection":[{"href":"https:\/\/www.caririemacao.com\/1\/wp-json\/wp\/v2\/posts"}],"about":[{"href":"https:\/\/www.caririemacao.com\/1\/wp-json\/wp\/v2\/types\/post"}],"author":[{"embeddable":true,"href":"https:\/\/www.caririemacao.com\/1\/wp-json\/wp\/v2\/users\/2"}],"replies":[{"embeddable":true,"href":"https:\/\/www.caririemacao.com\/1\/wp-json\/wp\/v2\/comments?post=38869"}],"version-history":[{"count":0,"href":"https:\/\/www.caririemacao.com\/1\/wp-json\/wp\/v2\/posts\/38869\/revisions"}],"wp:featuredmedia":[{"embeddable":true,"href":"https:\/\/www.caririemacao.com\/1\/wp-json\/wp\/v2\/media\/38871"}],"wp:attachment":[{"href":"https:\/\/www.caririemacao.com\/1\/wp-json\/wp\/v2\/media?parent=38869"}],"wp:term":[{"taxonomy":"category","embeddable":true,"href":"https:\/\/www.caririemacao.com\/1\/wp-json\/wp\/v2\/categories?post=38869"},{"taxonomy":"post_tag","embeddable":true,"href":"https:\/\/www.caririemacao.com\/1\/wp-json\/wp\/v2\/tags?post=38869"}],"curies":[{"name":"wp","href":"https:\/\/api.w.org\/{rel}","templated":true}]}}