{"id":38878,"date":"2018-01-26T20:02:23","date_gmt":"2018-01-26T23:02:23","guid":{"rendered":"http:\/\/caririemacao.com\/1\/?p=38878"},"modified":"2018-01-26T20:02:23","modified_gmt":"2018-01-26T23:02:23","slug":"hemocentro-promove-campanha-para-aumentar-estoque-de-sangue-no-carnaval","status":"publish","type":"post","link":"https:\/\/www.caririemacao.com\/1\/2018\/01\/26\/hemocentro-promove-campanha-para-aumentar-estoque-de-sangue-no-carnaval\/","title":{"rendered":"Hemocentro promove campanha para aumentar estoque de sangue no Carnaval"},"content":{"rendered":"<p>Com o tema \u201cCaia na folia que gera esperan\u00e7a de vida, doe sangue!\u201d, o Hemocentro da Para\u00edba lan\u00e7a neste s\u00e1bado (27), a partir das 14h, a nova campanha de Carnaval.<\/p>\n<p>O objetivo \u00e9 convocar a popula\u00e7\u00e3o para doar sangue antes da folia carnavalesca. A abertura do evento ser\u00e1 no Hemocentro Coordenador de Jo\u00e3o Pessoa e contar\u00e1 com panfletagem e motorreata, ambas promovidas pelo Abutre\u2019s Motoclube da Para\u00edba, Savio Motovlog e associa\u00e7\u00f5es de motociclistas parceiros.<\/p>\n<p>A diretora-geral do Hemocentro da Para\u00edba, Luciana Gomes, destaca que o per\u00edodo que antecede feriados prolongados, a exemplo do Carnaval, \u00e9 \u00e9poca de preparar os estoques para qualquer emerg\u00eancia, por isso a necessidade de refor\u00e7ar o pedido de doa\u00e7\u00f5es e as campanhas que lembrem que o gesto solid\u00e1rio de doar \u00e9 essencial para as transfus\u00f5es acontecerem.<\/p>\n<p>A panfletagem que dar\u00e1 in\u00edcio \u00e0 campanha de Carnaval ser\u00e1 nas imedia\u00e7\u00f5es do Hemocentro, que fica na Avenida Pedro II, 1.119, no bairro da Torre, a partir das 14h.<\/p>\n<p>J\u00e1 a motorreata sair\u00e1 do Hemocentro a partir das 15h, em dire\u00e7\u00e3o \u00e0 Lagoa do Parque Solon de Lucena e percorrer\u00e1 as principais vias da capital.<\/p>\n<p>Dando prosseguimento \u00e0 campanha, em fevereiro, atra\u00e7\u00f5es musicais v\u00e3o se apresentar gratuitamente no Hemocentro.<\/p>\n<p>No dia 1\u00ba, ser\u00e1 a vez do saxofonista Arnoud Neto; e no dia 4, a banda de frevo Para\u00edso Tropical. As apresenta\u00e7\u00f5es come\u00e7ar\u00e3o \u00e0s 9h.<\/p>\n<p>Coletas externas \u2013 A campanha de Carnaval do Hemocentro da Para\u00edba tamb\u00e9m contar\u00e1 com coletas externas e a Caravana Solid\u00e1ria.<\/p>\n<p>As coletas externas ser\u00e3o realizadas nos munic\u00edpios de Marca\u00e7\u00e3o, Mamanguape e Santa Rita a partir de fevereiro.<\/p>\n<p>No s\u00e1bado (3), a equipe do Hemocentro ir\u00e1 para a Escola Municipal Raimunda Soares de Lima, no Centro de Marca\u00e7\u00e3o.<\/p>\n<p>J\u00e1 na quinta-feira (8), a coleta chegar\u00e1 \u00e0 cidade de Mamanguape e ser\u00e1 no Hospital Geral da cidade. No dia 22 de fevereiro, ser\u00e1 na UPA de Santa Rita.<\/p>\n<p>Outra op\u00e7\u00e3o para doar sangue ser\u00e1 na Caravana Solid\u00e1ria, que no dia 27 de fevereiro estar\u00e1 na Universidade Federal da Para\u00edba (UFPB), campus de Jo\u00e3o Pessoa, das 8 \u00e0s 16h.<\/p>\n<p>Nesse caso, o Hemocentro vai fazer o translado dos candidatos \u00e0 doa\u00e7\u00e3o at\u00e9 a institui\u00e7\u00e3o e ap\u00f3s a doa\u00e7\u00e3o vai transport\u00e1-los de volta para o local de origem.<\/p>\n<p>Crit\u00e9rios para doar \u2013 Para ser um doador de sangue \u00e9 preciso: estar saud\u00e1vel, bem alimentado, ter mais de 50 kg, ter entre 16 a 69 anos de idade e apresentar um documento oficial e original com foto.<\/p>\n<p>Vale lembrar que o Hemocentro funciona de segunda a sexta-feira, das 7 \u00e0s 17h30 e aos s\u00e1bados das 7 \u00e0s 17.<\/p>\n<p>Os menores de 18 anos precisam estar acompanhados de um dos respons\u00e1veis legais para doar.<\/p>\n<p><strong>CARIRI EM A\u00c7\u00c3O<\/strong><\/p>\n<p><em>Com SecomPB\/Foto:\u00a0SecomPB<\/em><\/p>\n<p><strong>Leia mais not\u00edcias em\u00a0<\/strong><a href=\"http:\/\/www.caririemacao.com\/\"><strong>caririemacao.com<\/strong><\/a><strong>, siga nossa p\u00e1gina no\u00a0<\/strong><a href=\"https:\/\/www.facebook.com\/CaririEmAcao\/?ref=aymt_homepage_panel\"><strong>Facebook<\/strong><\/a>,<strong>\u00a0<\/strong><a href=\"https:\/\/www.instagram.com\/cariri_em_acao\/?hl=pt-br\"><strong>Instagram<\/strong><\/a><strong>\u00a0e\u00a0<\/strong><a href=\"https:\/\/www.youtube.com\/channel\/UCAptA0jQuYQy8vMhLt2m4qg\"><strong>Youtube<\/strong><\/a><strong>\u00a0e veja nossas mat\u00e9rias, v\u00eddeos e fotos. Voc\u00ea tamb\u00e9m pode enviar informa\u00e7\u00f5es \u00e0 Reda\u00e7\u00e3o do Portal Cariri em A\u00e7\u00e3o pelo WhatsApp (83) 9 9634.5791, (83) 9 9601-1162.<\/strong><\/p>\n","protected":false},"excerpt":{"rendered":"<p>Com o tema \u201cCaia na folia que gera esperan\u00e7a de vida, doe sangue!\u201d, o Hemocentro da Para\u00edba lan\u00e7a neste s\u00e1bado (27), a partir das 14h,&hellip; <\/p>\n","protected":false},"author":2,"featured_media":38879,"comment_status":"closed","ping_status":"closed","sticky":false,"template":"","format":"standard","meta":{"sfsi_plus_gutenberg_text_before_share":"","sfsi_plus_gutenberg_show_text_before_share":"","sfsi_plus_gutenberg_icon_type":"","sfsi_plus_gutenberg_icon_alignemt":"","sfsi_plus_gutenburg_max_per_row":"","footnotes":""},"categories":[16],"tags":[],"class_list":["post-38878","post","type-post","status-publish","format-standard","has-post-thumbnail","hentry","category-saude"],"_links":{"self":[{"href":"https:\/\/www.caririemacao.com\/1\/wp-json\/wp\/v2\/posts\/38878","targetHints":{"allow":["GET"]}}],"collection":[{"href":"https:\/\/www.caririemacao.com\/1\/wp-json\/wp\/v2\/posts"}],"about":[{"href":"https:\/\/www.caririemacao.com\/1\/wp-json\/wp\/v2\/types\/post"}],"author":[{"embeddable":true,"href":"https:\/\/www.caririemacao.com\/1\/wp-json\/wp\/v2\/users\/2"}],"replies":[{"embeddable":true,"href":"https:\/\/www.caririemacao.com\/1\/wp-json\/wp\/v2\/comments?post=38878"}],"version-history":[{"count":0,"href":"https:\/\/www.caririemacao.com\/1\/wp-json\/wp\/v2\/posts\/38878\/revisions"}],"wp:featuredmedia":[{"embeddable":true,"href":"https:\/\/www.caririemacao.com\/1\/wp-json\/wp\/v2\/media\/38879"}],"wp:attachment":[{"href":"https:\/\/www.caririemacao.com\/1\/wp-json\/wp\/v2\/media?parent=38878"}],"wp:term":[{"taxonomy":"category","embeddable":true,"href":"https:\/\/www.caririemacao.com\/1\/wp-json\/wp\/v2\/categories?post=38878"},{"taxonomy":"post_tag","embeddable":true,"href":"https:\/\/www.caririemacao.com\/1\/wp-json\/wp\/v2\/tags?post=38878"}],"curies":[{"name":"wp","href":"https:\/\/api.w.org\/{rel}","templated":true}]}}