{"id":38884,"date":"2018-01-26T20:11:18","date_gmt":"2018-01-26T23:11:18","guid":{"rendered":"http:\/\/caririemacao.com\/1\/?p=38884"},"modified":"2018-01-26T20:11:18","modified_gmt":"2018-01-26T23:11:18","slug":"camara-de-campina-grande-deve-divulgar-edital-de-concurso-publico-neste-semestre","status":"publish","type":"post","link":"https:\/\/www.caririemacao.com\/1\/2018\/01\/26\/camara-de-campina-grande-deve-divulgar-edital-de-concurso-publico-neste-semestre\/","title":{"rendered":"C\u00e2mara de Campina Grande deve divulgar edital de concurso p\u00fablico neste semestre"},"content":{"rendered":"<p>Ainda neste ano de 2018, a C\u00e2mara Municipal de Campina Grande deve realizar um concurso p\u00fablico para preenchimento de vagas nos n\u00edveis m\u00e9dio e superior. O an\u00fancio do primeiro concurso p\u00fablico para preenchimento de cargos efetivos foi feita nesta quinta-feira (25) pela presidente da Casa de F\u00e9lix Ara\u00fajo, Ivonete Ludg\u00e9rio.<\/p>\n<p>Estima-se que ser\u00e3o abertas de imediato cerca de 40 vagas para cargos de advogado, agente administrativo, taquigrafia, vigil\u00e2ncia, servi\u00e7os gerais e outros. Alguns estudos tamb\u00e9m est\u00e3o sendo feitos para apontar com precis\u00e3o a quantidade de vagas e \u00e1reas atendidas.<\/p>\n<p>Apesar de a presidente da C\u00e2mara estimar somente a contrata\u00e7\u00e3o de 40 servidores efetivos, somente o quadro de contrata\u00e7\u00f5es por\u00a0excepcional interesse p\u00fablico \u00e9 de 280 servidores, de acordo com dados do Sagres, disponibilizados pelo Tribunal de Contas do Estado da Para\u00edba (TCE-PB).\u00a0Ainda no m\u00eas de dezembro de 2017, a C\u00e2mara contava com\u00a034 servidores comissionados e somente 10 efetivos.<\/p>\n<p>\u201cN\u00f3s teremos no m\u00ednimo 40 vagas para v\u00e1rios setores na C\u00e2mara. O quadro efetivo da Casa \u00e9 muito reduzido e, al\u00e9m disso, muita gente est\u00e1 se aposentado\u201d, ressaltou Ivonete Ludg\u00e9rio. \u201cEu acredito que somente ser\u00e1 poss\u00edvel lan\u00e7ar o edital no segundo semestre deste ano, porque ainda n\u00e3o temos a dota\u00e7\u00e3o or\u00e7ament\u00e1ria para isso. Mas possivelmente teremos condi\u00e7\u00f5es de fazer o concurso ainda esse ano, com a convoca\u00e7\u00e3o para o ano seguinte\u201d, explicou a presidente.<\/p>\n<p>A presidente da C\u00e2mara ainda afirmou que \u201cprocuramos fazer tudo da forma mais transparente poss\u00edvel, prezando sempre pela presta\u00e7\u00e3o de contas dos recursos p\u00fablicos. A realiza\u00e7\u00e3o do concurso p\u00fablico segue essa nossa proposta e ser\u00e1 definitivamente um marco na administra\u00e7\u00e3o da C\u00e2mara de Campina Grande\u201d.<\/p>\n<p><strong>CARIRI EM A\u00c7\u00c3O<\/strong><\/p>\n<p><em>Com Clibpb\/Foto: Reprodu\u00e7\u00e3o Internet\u00a0<\/em><\/p>\n<p><strong>Leia mais not\u00edcias em\u00a0<\/strong><a href=\"http:\/\/www.caririemacao.com\/\"><strong>caririemacao.com<\/strong><\/a><strong>, siga nossa p\u00e1gina no\u00a0<\/strong><a href=\"https:\/\/www.facebook.com\/CaririEmAcao\/?ref=aymt_homepage_panel\"><strong>Facebook<\/strong><\/a>,<strong>\u00a0<\/strong><a href=\"https:\/\/www.instagram.com\/cariri_em_acao\/?hl=pt-br\"><strong>Instagram<\/strong><\/a><strong>\u00a0e\u00a0<\/strong><a href=\"https:\/\/www.youtube.com\/channel\/UCAptA0jQuYQy8vMhLt2m4qg\"><strong>Youtube<\/strong><\/a><strong>\u00a0e veja nossas mat\u00e9rias, v\u00eddeos e fotos. Voc\u00ea tamb\u00e9m pode enviar informa\u00e7\u00f5es \u00e0 Reda\u00e7\u00e3o do Portal Cariri em A\u00e7\u00e3o pelo WhatsApp (83) 9 9634.5791, (83) 9 9601-1162.<\/strong><\/p>\n","protected":false},"excerpt":{"rendered":"<p>Ainda neste ano de 2018, a C\u00e2mara Municipal de Campina Grande deve realizar um concurso p\u00fablico para preenchimento de vagas nos n\u00edveis m\u00e9dio e superior.&hellip; <\/p>\n","protected":false},"author":2,"featured_media":38885,"comment_status":"closed","ping_status":"closed","sticky":false,"template":"","format":"standard","meta":{"sfsi_plus_gutenberg_text_before_share":"","sfsi_plus_gutenberg_show_text_before_share":"","sfsi_plus_gutenberg_icon_type":"","sfsi_plus_gutenberg_icon_alignemt":"","sfsi_plus_gutenburg_max_per_row":"","footnotes":""},"categories":[2],"tags":[],"class_list":["post-38884","post","type-post","status-publish","format-standard","has-post-thumbnail","hentry","category-geral"],"_links":{"self":[{"href":"https:\/\/www.caririemacao.com\/1\/wp-json\/wp\/v2\/posts\/38884","targetHints":{"allow":["GET"]}}],"collection":[{"href":"https:\/\/www.caririemacao.com\/1\/wp-json\/wp\/v2\/posts"}],"about":[{"href":"https:\/\/www.caririemacao.com\/1\/wp-json\/wp\/v2\/types\/post"}],"author":[{"embeddable":true,"href":"https:\/\/www.caririemacao.com\/1\/wp-json\/wp\/v2\/users\/2"}],"replies":[{"embeddable":true,"href":"https:\/\/www.caririemacao.com\/1\/wp-json\/wp\/v2\/comments?post=38884"}],"version-history":[{"count":0,"href":"https:\/\/www.caririemacao.com\/1\/wp-json\/wp\/v2\/posts\/38884\/revisions"}],"wp:featuredmedia":[{"embeddable":true,"href":"https:\/\/www.caririemacao.com\/1\/wp-json\/wp\/v2\/media\/38885"}],"wp:attachment":[{"href":"https:\/\/www.caririemacao.com\/1\/wp-json\/wp\/v2\/media?parent=38884"}],"wp:term":[{"taxonomy":"category","embeddable":true,"href":"https:\/\/www.caririemacao.com\/1\/wp-json\/wp\/v2\/categories?post=38884"},{"taxonomy":"post_tag","embeddable":true,"href":"https:\/\/www.caririemacao.com\/1\/wp-json\/wp\/v2\/tags?post=38884"}],"curies":[{"name":"wp","href":"https:\/\/api.w.org\/{rel}","templated":true}]}}