{"id":38887,"date":"2018-01-26T20:16:30","date_gmt":"2018-01-26T23:16:30","guid":{"rendered":"http:\/\/caririemacao.com\/1\/?p=38887"},"modified":"2018-01-26T20:16:30","modified_gmt":"2018-01-26T23:16:30","slug":"preco-de-transporte-intermunicipal-na-paraiba-aumenta-a-partir-deste-domingo","status":"publish","type":"post","link":"https:\/\/www.caririemacao.com\/1\/2018\/01\/26\/preco-de-transporte-intermunicipal-na-paraiba-aumenta-a-partir-deste-domingo\/","title":{"rendered":"Pre\u00e7o de transporte intermunicipal na Para\u00edba aumenta a partir deste domingo"},"content":{"rendered":"<p>O pre\u00e7o das passagens de transporte intermunicipal de passageiros da Para\u00edba vai sofrer um reajuste de 7% a partir do pr\u00f3ximo domingo (28). O aumento abrange linhas de \u00f4nibus intermunicipais urbanas, rodovi\u00e1rias e a balsa que realiza a travessia entre Cabedelo e Costinha.<\/p>\n<p>O aumento foi definido nesta quinta-feira (25), em reuni\u00e3o do Conselho Executivo do Departamento de Estradas e Rodagens (DER).<\/p>\n<p>O aumento de 7,5% \u00e9 superior \u00e0 infla\u00e7\u00e3o do per\u00edodo, que foi de 2,93%. Segundo o DER, os motivos do aumento incluem o custo operacional dos \u00f4nibus, o pre\u00e7o do \u00f3leo diesel e a queda no n\u00famero de usu\u00e1rios.<\/p>\n<p>Com o aumento, o trecho entre Jo\u00e3o Pessoa e Santa Rita sobe de R$ 3,50 para R$ 3,75; Jo\u00e3o Pessoa\/Bayeux sobe de R$ 2,70 para R$ 3,25; Jo\u00e3o Pessoa\/Cabedelo sobe de R$ 3,20 para R$ 3,55.<\/p>\n<p>Confira abaixo o pre\u00e7o de todos os trechos intermunicipais urbanos, rodovi\u00e1rios e balsa (ferry boat):<\/p>\n<p><a href=\"http:\/\/caririemacao.com\/1\/wp-content\/uploads\/2018\/01\/servico_de_caracteristica_urbana.jpg\"><img fetchpriority=\"high\" decoding=\"async\" class=\"aligncenter size-full wp-image-38888\" src=\"http:\/\/caririemacao.com\/1\/wp-content\/uploads\/2018\/01\/servico_de_caracteristica_urbana.jpg\" alt=\"\" width=\"652\" height=\"431\" srcset=\"https:\/\/www.caririemacao.com\/1\/wp-content\/uploads\/2018\/01\/servico_de_caracteristica_urbana.jpg 652w, https:\/\/www.caririemacao.com\/1\/wp-content\/uploads\/2018\/01\/servico_de_caracteristica_urbana-300x198.jpg 300w\" sizes=\"(max-width: 652px) 100vw, 652px\" \/><\/a><\/p>\n<p><a href=\"http:\/\/caririemacao.com\/1\/wp-content\/uploads\/2018\/01\/servico_de_caracteristica_rodoviaria_e_ferry_boat-1.jpg\"><img decoding=\"async\" class=\"aligncenter size-full wp-image-38889 lazyload\" data-src=\"http:\/\/caririemacao.com\/1\/wp-content\/uploads\/2018\/01\/servico_de_caracteristica_rodoviaria_e_ferry_boat-1.jpg\" alt=\"\" width=\"650\" height=\"440\" data-srcset=\"https:\/\/www.caririemacao.com\/1\/wp-content\/uploads\/2018\/01\/servico_de_caracteristica_rodoviaria_e_ferry_boat-1.jpg 650w, https:\/\/www.caririemacao.com\/1\/wp-content\/uploads\/2018\/01\/servico_de_caracteristica_rodoviaria_e_ferry_boat-1-300x203.jpg 300w\" data-sizes=\"(max-width: 650px) 100vw, 650px\" src=\"data:image\/svg+xml;base64,PHN2ZyB3aWR0aD0iMSIgaGVpZ2h0PSIxIiB4bWxucz0iaHR0cDovL3d3dy53My5vcmcvMjAwMC9zdmciPjwvc3ZnPg==\" style=\"--smush-placeholder-width: 650px; --smush-placeholder-aspect-ratio: 650\/440;\" \/><\/a><\/p>\n<p><strong>CARIRI EM A\u00c7\u00c3O<\/strong><\/p>\n<p><em>Com ClikPB\/Foto:\u00a0Walla Santos<\/em><\/p>\n<p><strong>Leia mais not\u00edcias em\u00a0<\/strong><a href=\"http:\/\/www.caririemacao.com\/\"><strong>caririemacao.com<\/strong><\/a><strong>, siga nossa p\u00e1gina no\u00a0<\/strong><a href=\"https:\/\/www.facebook.com\/CaririEmAcao\/?ref=aymt_homepage_panel\"><strong>Facebook<\/strong><\/a>,<strong>\u00a0<\/strong><a href=\"https:\/\/www.instagram.com\/cariri_em_acao\/?hl=pt-br\"><strong>Instagram<\/strong><\/a><strong>\u00a0e\u00a0<\/strong><a href=\"https:\/\/www.youtube.com\/channel\/UCAptA0jQuYQy8vMhLt2m4qg\"><strong>Youtube<\/strong><\/a><strong>\u00a0e veja nossas mat\u00e9rias, v\u00eddeos e fotos. Voc\u00ea tamb\u00e9m pode enviar informa\u00e7\u00f5es \u00e0 Reda\u00e7\u00e3o do Portal Cariri em A\u00e7\u00e3o pelo WhatsApp (83) 9 9634.5791, (83) 9 9601-1162.<\/strong><\/p>\n","protected":false},"excerpt":{"rendered":"<p>O pre\u00e7o das passagens de transporte intermunicipal de passageiros da Para\u00edba vai sofrer um reajuste de 7% a partir do pr\u00f3ximo domingo (28). O aumento&hellip; <\/p>\n","protected":false},"author":2,"featured_media":38890,"comment_status":"closed","ping_status":"closed","sticky":false,"template":"","format":"standard","meta":{"sfsi_plus_gutenberg_text_before_share":"","sfsi_plus_gutenberg_show_text_before_share":"","sfsi_plus_gutenberg_icon_type":"","sfsi_plus_gutenberg_icon_alignemt":"","sfsi_plus_gutenburg_max_per_row":"","footnotes":""},"categories":[2],"tags":[],"class_list":["post-38887","post","type-post","status-publish","format-standard","has-post-thumbnail","hentry","category-geral"],"_links":{"self":[{"href":"https:\/\/www.caririemacao.com\/1\/wp-json\/wp\/v2\/posts\/38887","targetHints":{"allow":["GET"]}}],"collection":[{"href":"https:\/\/www.caririemacao.com\/1\/wp-json\/wp\/v2\/posts"}],"about":[{"href":"https:\/\/www.caririemacao.com\/1\/wp-json\/wp\/v2\/types\/post"}],"author":[{"embeddable":true,"href":"https:\/\/www.caririemacao.com\/1\/wp-json\/wp\/v2\/users\/2"}],"replies":[{"embeddable":true,"href":"https:\/\/www.caririemacao.com\/1\/wp-json\/wp\/v2\/comments?post=38887"}],"version-history":[{"count":0,"href":"https:\/\/www.caririemacao.com\/1\/wp-json\/wp\/v2\/posts\/38887\/revisions"}],"wp:featuredmedia":[{"embeddable":true,"href":"https:\/\/www.caririemacao.com\/1\/wp-json\/wp\/v2\/media\/38890"}],"wp:attachment":[{"href":"https:\/\/www.caririemacao.com\/1\/wp-json\/wp\/v2\/media?parent=38887"}],"wp:term":[{"taxonomy":"category","embeddable":true,"href":"https:\/\/www.caririemacao.com\/1\/wp-json\/wp\/v2\/categories?post=38887"},{"taxonomy":"post_tag","embeddable":true,"href":"https:\/\/www.caririemacao.com\/1\/wp-json\/wp\/v2\/tags?post=38887"}],"curies":[{"name":"wp","href":"https:\/\/api.w.org\/{rel}","templated":true}]}}