{"id":38892,"date":"2018-01-26T20:27:35","date_gmt":"2018-01-26T23:27:35","guid":{"rendered":"http:\/\/caririemacao.com\/1\/?p=38892"},"modified":"2018-01-26T20:27:35","modified_gmt":"2018-01-26T23:27:35","slug":"ufcg-abre-inscricoes-para-pre-vestibular-solidario-em-campina-grande","status":"publish","type":"post","link":"https:\/\/www.caririemacao.com\/1\/2018\/01\/26\/ufcg-abre-inscricoes-para-pre-vestibular-solidario-em-campina-grande\/","title":{"rendered":"UFCG abre inscri\u00e7\u00f5es para Pr\u00e9-vestibular Solid\u00e1rio em Campina Grande"},"content":{"rendered":"<p>A Universidade Federal de Campina Grande (UFCG) lan\u00e7ou edital do Projeto Pr\u00e9-vestibular Solid\u00e1rio (PVS) para o Per\u00edodo Letivo 2018.1.<\/p>\n<p>O PVS visa ampliar as condi\u00e7\u00f5es de acesso e perman\u00eancia de jovens e adultos oriundos de escolas p\u00fablicas na educa\u00e7\u00e3o superior.<\/p>\n<p>As inscri\u00e7\u00f5es para o PVS no campus Campina Grande ser\u00e3o realizadas de 1\u00b0 a 8 de fevereiro. Est\u00e3o sendo ofertadas 350 vagas.<\/p>\n<p>Para participar \u00e9 preciso ter conclu\u00eddo ou ser concluinte em 2018 do Ensino M\u00e9dio em escola p\u00fablica ou ter sido bolsista integral em escola particular.<\/p>\n<p>As inscri\u00e7\u00f5es ser\u00e3o feitas no Hall da Biblioteca Central da UFCG, das 8h30min \u00e0s 11h30min e das 14h \u00e0s 17h, em dias \u00fateis.<\/p>\n<p>O processo \u00e9 gratuito, sendo solicitada apenas uma contribui\u00e7\u00e3o de 100 folhas de papel of\u00edcio (tipo A4) no ato da inscri\u00e7\u00e3o.<\/p>\n<p>A sele\u00e7\u00e3o ser\u00e1 feita por meio de sorteio, aberto a todos os candidatos, a ser realizado no dia 9 de fevereiro, \u00e0s 14h, no Gin\u00e1sio de Esportes da UFCG, no campus sede.<\/p>\n<p>As matr\u00edculas acontecer\u00e3o de 19 a 23 de fevereiro. As aulas ser\u00e3o realizadas a partir do dia 26 de fevereiro, no 3\u00ba andar do Bloco CAA (em frente \u00e0 Biblioteca Central), de segunda a sexta, das 18h30min \u00e0s 21h30min.<\/p>\n<p><strong>CARIRI EM A\u00c7\u00c3O<\/strong><\/p>\n<p><em>Com Ascom\/Foto:\u00a0Ascom<\/em><\/p>\n<p><strong>Leia mais not\u00edcias em\u00a0<\/strong><a href=\"http:\/\/www.caririemacao.com\/\"><strong>caririemacao.com<\/strong><\/a><strong>, siga nossa p\u00e1gina no\u00a0<\/strong><a href=\"https:\/\/www.facebook.com\/CaririEmAcao\/?ref=aymt_homepage_panel\"><strong>Facebook<\/strong><\/a>,<strong>\u00a0<\/strong><a href=\"https:\/\/www.instagram.com\/cariri_em_acao\/?hl=pt-br\"><strong>Instagram<\/strong><\/a><strong>\u00a0e\u00a0<\/strong><a href=\"https:\/\/www.youtube.com\/channel\/UCAptA0jQuYQy8vMhLt2m4qg\"><strong>Youtube<\/strong><\/a><strong>\u00a0e veja nossas mat\u00e9rias, v\u00eddeos e fotos. Voc\u00ea tamb\u00e9m pode enviar informa\u00e7\u00f5es \u00e0 Reda\u00e7\u00e3o do Portal Cariri em A\u00e7\u00e3o pelo WhatsApp (83) 9 9634.5791, (83) 9 9601-1162.<\/strong><\/p>\n","protected":false},"excerpt":{"rendered":"<p>A Universidade Federal de Campina Grande (UFCG) lan\u00e7ou edital do Projeto Pr\u00e9-vestibular Solid\u00e1rio (PVS) para o Per\u00edodo Letivo 2018.1. O PVS visa ampliar as condi\u00e7\u00f5es&hellip; <\/p>\n","protected":false},"author":2,"featured_media":38893,"comment_status":"closed","ping_status":"closed","sticky":false,"template":"","format":"standard","meta":{"sfsi_plus_gutenberg_text_before_share":"","sfsi_plus_gutenberg_show_text_before_share":"","sfsi_plus_gutenberg_icon_type":"","sfsi_plus_gutenberg_icon_alignemt":"","sfsi_plus_gutenburg_max_per_row":"","footnotes":""},"categories":[14],"tags":[],"class_list":["post-38892","post","type-post","status-publish","format-standard","has-post-thumbnail","hentry","category-educacao"],"_links":{"self":[{"href":"https:\/\/www.caririemacao.com\/1\/wp-json\/wp\/v2\/posts\/38892","targetHints":{"allow":["GET"]}}],"collection":[{"href":"https:\/\/www.caririemacao.com\/1\/wp-json\/wp\/v2\/posts"}],"about":[{"href":"https:\/\/www.caririemacao.com\/1\/wp-json\/wp\/v2\/types\/post"}],"author":[{"embeddable":true,"href":"https:\/\/www.caririemacao.com\/1\/wp-json\/wp\/v2\/users\/2"}],"replies":[{"embeddable":true,"href":"https:\/\/www.caririemacao.com\/1\/wp-json\/wp\/v2\/comments?post=38892"}],"version-history":[{"count":0,"href":"https:\/\/www.caririemacao.com\/1\/wp-json\/wp\/v2\/posts\/38892\/revisions"}],"wp:featuredmedia":[{"embeddable":true,"href":"https:\/\/www.caririemacao.com\/1\/wp-json\/wp\/v2\/media\/38893"}],"wp:attachment":[{"href":"https:\/\/www.caririemacao.com\/1\/wp-json\/wp\/v2\/media?parent=38892"}],"wp:term":[{"taxonomy":"category","embeddable":true,"href":"https:\/\/www.caririemacao.com\/1\/wp-json\/wp\/v2\/categories?post=38892"},{"taxonomy":"post_tag","embeddable":true,"href":"https:\/\/www.caririemacao.com\/1\/wp-json\/wp\/v2\/tags?post=38892"}],"curies":[{"name":"wp","href":"https:\/\/api.w.org\/{rel}","templated":true}]}}