{"id":38898,"date":"2018-01-26T20:44:49","date_gmt":"2018-01-26T23:44:49","guid":{"rendered":"http:\/\/caririemacao.com\/1\/?p=38898"},"modified":"2018-01-26T20:44:49","modified_gmt":"2018-01-26T23:44:49","slug":"maranhao-nao-descarta-alianca-com-ricardo-mas-reafirma-sua-pre-candidatura","status":"publish","type":"post","link":"https:\/\/www.caririemacao.com\/1\/2018\/01\/26\/maranhao-nao-descarta-alianca-com-ricardo-mas-reafirma-sua-pre-candidatura\/","title":{"rendered":"Maranh\u00e3o n\u00e3o descarta alian\u00e7a com Ricardo, mas reafirma sua pr\u00e9-candidatura"},"content":{"rendered":"<p>Em passagem pelo Sert\u00e3o paraibano, o senador Jos\u00e9 Maranh\u00e3o, presidente do MDB na Para\u00edba, n\u00e3o descartou a possibilidade de estabalecer alian\u00e7a com o PSB do governador Ricardo Coutinho. No entanto, Maranh\u00e3o fez quest\u00e3o de lembrar que sua pr\u00e9-candidatura ao Governo do Estado \u00e9 fruto de um compromisso com a executiva do partido.<\/p>\n<p>Maranh\u00e3o tem percorrido o estado como pr\u00e9-candidato ao Governo da Para\u00edba, cargo que j\u00e1 ocupou, no entanto, tem encontrado resist\u00eancia inclusive dentro de seu partido, j\u00e1 que o presidente do diret\u00f3rio municipal de Jo\u00e3o Pessoa, o vice-prefeito Manoel J\u00fanior, defende que o MDB apoie a candidatura do prefeito de Jo\u00e3o Pessoa, Luciano Cartaxo, ao Executivo estadual.<\/p>\n<p>Maranh\u00e3o declarou que n\u00e3o tem recusado dialogar com nenhuma\u00a0das legendas que podem protagonizar as elei\u00e7\u00f5es deste ano. O senador declarou inclusive estar disposto a conversar com todos.\u00a0\u201cDizia um pensador que na pol\u00edtica, assim como no amor, n\u00e3o raro se processa a uni\u00e3o dos contr\u00e1rios\u201d, revelou.<\/p>\n<p>Ao comentar o posicionamento de Manoel J\u00fanior\u00a0sobre apoiar Cartaxo, Maranh\u00e3o declarou que existe um compromisso com a executiva do partido para que ele mantenha sua candidatura. &#8220;A\u00a0quest\u00e3o \u00e9 de compromisso. Eu estou seguindo a linha que a executiva do partido tra\u00e7ou para a minha posi\u00e7\u00e3o de pr\u00e9-candidato a governador\u201d, disse.<\/p>\n<p><strong>CARIRI EM A\u00c7\u00c3O<\/strong><\/p>\n<p><em>Com PB Agora\/Foto: Reprodu\u00e7\u00e3o google<\/em><\/p>\n<p><strong>Leia mais not\u00edcias em\u00a0<\/strong><a href=\"http:\/\/www.caririemacao.com\/\"><strong>caririemacao.com<\/strong><\/a><strong>, siga nossa p\u00e1gina no\u00a0<\/strong><a href=\"https:\/\/www.facebook.com\/CaririEmAcao\/?ref=aymt_homepage_panel\"><strong>Facebook<\/strong><\/a>,<strong>\u00a0<\/strong><a href=\"https:\/\/www.instagram.com\/cariri_em_acao\/?hl=pt-br\"><strong>Instagram<\/strong><\/a><strong>\u00a0e\u00a0<\/strong><a href=\"https:\/\/www.youtube.com\/channel\/UCAptA0jQuYQy8vMhLt2m4qg\"><strong>Youtube<\/strong><\/a><strong>\u00a0e veja nossas mat\u00e9rias, v\u00eddeos e fotos. Voc\u00ea tamb\u00e9m pode enviar informa\u00e7\u00f5es \u00e0 Reda\u00e7\u00e3o do Portal Cariri em A\u00e7\u00e3o pelo WhatsApp (83) 9 9634.5791, (83) 9 9601-1162.<\/strong><\/p>\n","protected":false},"excerpt":{"rendered":"<p>Em passagem pelo Sert\u00e3o paraibano, o senador Jos\u00e9 Maranh\u00e3o, presidente do MDB na Para\u00edba, n\u00e3o descartou a possibilidade de estabalecer alian\u00e7a com o PSB do&hellip; <\/p>\n","protected":false},"author":2,"featured_media":38899,"comment_status":"closed","ping_status":"closed","sticky":false,"template":"","format":"standard","meta":{"sfsi_plus_gutenberg_text_before_share":"","sfsi_plus_gutenberg_show_text_before_share":"","sfsi_plus_gutenberg_icon_type":"","sfsi_plus_gutenberg_icon_alignemt":"","sfsi_plus_gutenburg_max_per_row":"","footnotes":""},"categories":[1],"tags":[],"class_list":["post-38898","post","type-post","status-publish","format-standard","has-post-thumbnail","hentry","category-o-site"],"_links":{"self":[{"href":"https:\/\/www.caririemacao.com\/1\/wp-json\/wp\/v2\/posts\/38898","targetHints":{"allow":["GET"]}}],"collection":[{"href":"https:\/\/www.caririemacao.com\/1\/wp-json\/wp\/v2\/posts"}],"about":[{"href":"https:\/\/www.caririemacao.com\/1\/wp-json\/wp\/v2\/types\/post"}],"author":[{"embeddable":true,"href":"https:\/\/www.caririemacao.com\/1\/wp-json\/wp\/v2\/users\/2"}],"replies":[{"embeddable":true,"href":"https:\/\/www.caririemacao.com\/1\/wp-json\/wp\/v2\/comments?post=38898"}],"version-history":[{"count":0,"href":"https:\/\/www.caririemacao.com\/1\/wp-json\/wp\/v2\/posts\/38898\/revisions"}],"wp:featuredmedia":[{"embeddable":true,"href":"https:\/\/www.caririemacao.com\/1\/wp-json\/wp\/v2\/media\/38899"}],"wp:attachment":[{"href":"https:\/\/www.caririemacao.com\/1\/wp-json\/wp\/v2\/media?parent=38898"}],"wp:term":[{"taxonomy":"category","embeddable":true,"href":"https:\/\/www.caririemacao.com\/1\/wp-json\/wp\/v2\/categories?post=38898"},{"taxonomy":"post_tag","embeddable":true,"href":"https:\/\/www.caririemacao.com\/1\/wp-json\/wp\/v2\/tags?post=38898"}],"curies":[{"name":"wp","href":"https:\/\/api.w.org\/{rel}","templated":true}]}}