{"id":38901,"date":"2018-01-26T20:51:40","date_gmt":"2018-01-26T23:51:40","guid":{"rendered":"http:\/\/caririemacao.com\/1\/?p=38901"},"modified":"2018-01-26T20:51:40","modified_gmt":"2018-01-26T23:51:40","slug":"sai-edital-para-concurso-da-pmdf-com-2-024-vagas","status":"publish","type":"post","link":"https:\/\/www.caririemacao.com\/1\/2018\/01\/26\/sai-edital-para-concurso-da-pmdf-com-2-024-vagas\/","title":{"rendered":"Sai edital para concurso da PMDF com 2.024 vagas"},"content":{"rendered":"<p>Saiu um dos editais mais esperados no Distrito Federal, o do concurso da Pol\u00edcia Militar. O certame ser\u00e1 organizado pelo\u00a0Instituto Americano de Desenvolvimento (Iades). A sele\u00e7\u00e3o\u00a0se destina \u00e0\u00a0contrata\u00e7\u00e3o de 2.024\u00a0novos PMs para o Curso de Forma\u00e7\u00e3o de Pra\u00e7as (CFP), na gradua\u00e7\u00e3o de soldado.<\/p>\n<p>S\u00e3o 500\u00a0vagas imediatas para combatente, sendo 450 para homens e 50 para mulheres. Outros 1.350 postos de reserva ser\u00e3o destinados a homens e 150 para mulheres.<\/p>\n<p>O per\u00edodo de inscri\u00e7\u00e3o \u00e9 de 25 de fevereiro a 4 de abril, exclusivamente no\u00a0site do Iades.\u00a0A taxa \u00e9 de R$ 88. As provas devem ser aplicadas\u00a0em 6 de maio.<\/p>\n<p>H\u00e1 oferta de seis vagas para m\u00fasico e 18 para corneteiro. Nestes casos, as inscri\u00e7\u00f5es poder\u00e3o ser feitas no per\u00edodo de 25 de fevereiro a 26 de mar\u00e7o. A previs\u00e3o \u00e9 que as provas sejam aplicadas\u00a0em 29 de abril.<\/p>\n<p>A remunera\u00e7\u00e3o inicial prevista \u00e9 de R$ 4.119, durante o CFP,\u00a0somados ao aux\u00edlio-alimenta\u00e7\u00e3o, no valor de R$ 850.\u00a0Ap\u00f3s o curso de forma\u00e7\u00e3o, o\u00a0sal\u00e1rio\u00a0sobe para R$ 5.245,\u00a0acrescido do benef\u00edcio aliment\u00edcio.<\/p>\n<p>Para concorrer a uma das oportunidades, o candidato precisa ter n\u00edvel superior completo e menos de 30 anos de idade. A estimativa da PM \u00e9 de pelo menos 28 mil inscritos.<\/p>\n<p>Os interessados dever\u00e3o passar por provas objetiva (conhecimentos gerais e espec\u00edficos) e subjetiva (reda\u00e7\u00e3o), al\u00e9m de teste de aptid\u00e3o f\u00edsica, exames m\u00e9dicos e psicol\u00f3gicos, sindic\u00e2ncia de vida pregressa e pr\u00e1tica instrumental, no caso das vagas para m\u00fasico.<\/p>\n<p><strong>CARIRI EM A\u00c7\u00c3O<\/strong><\/p>\n<p><em>Com Metr\u00f3poles\/Foto:\u00a0Metr\u00f3poles\u00a0<\/em><\/p>\n<p><strong>Leia mais not\u00edcias em\u00a0<\/strong><a href=\"http:\/\/www.caririemacao.com\/\"><strong>caririemacao.com<\/strong><\/a><strong>, siga nossa p\u00e1gina no\u00a0<\/strong><a href=\"https:\/\/www.facebook.com\/CaririEmAcao\/?ref=aymt_homepage_panel\"><strong>Facebook<\/strong><\/a>,<strong>\u00a0<\/strong><a href=\"https:\/\/www.instagram.com\/cariri_em_acao\/?hl=pt-br\"><strong>Instagram<\/strong><\/a><strong>\u00a0e\u00a0<\/strong><a href=\"https:\/\/www.youtube.com\/channel\/UCAptA0jQuYQy8vMhLt2m4qg\"><strong>Youtube<\/strong><\/a><strong>\u00a0e veja nossas mat\u00e9rias, v\u00eddeos e fotos. Voc\u00ea tamb\u00e9m pode enviar informa\u00e7\u00f5es \u00e0 Reda\u00e7\u00e3o do Portal Cariri em A\u00e7\u00e3o pelo WhatsApp (83) 9 9634.5791, (83) 9 9601-1162.<\/strong><\/p>\n","protected":false},"excerpt":{"rendered":"<p>Saiu um dos editais mais esperados no Distrito Federal, o do concurso da Pol\u00edcia Militar. O certame ser\u00e1 organizado pelo\u00a0Instituto Americano de Desenvolvimento (Iades). A&hellip; <\/p>\n","protected":false},"author":2,"featured_media":38902,"comment_status":"closed","ping_status":"closed","sticky":false,"template":"","format":"standard","meta":{"sfsi_plus_gutenberg_text_before_share":"","sfsi_plus_gutenberg_show_text_before_share":"","sfsi_plus_gutenberg_icon_type":"","sfsi_plus_gutenberg_icon_alignemt":"","sfsi_plus_gutenburg_max_per_row":"","footnotes":""},"categories":[2],"tags":[],"class_list":["post-38901","post","type-post","status-publish","format-standard","has-post-thumbnail","hentry","category-geral"],"_links":{"self":[{"href":"https:\/\/www.caririemacao.com\/1\/wp-json\/wp\/v2\/posts\/38901","targetHints":{"allow":["GET"]}}],"collection":[{"href":"https:\/\/www.caririemacao.com\/1\/wp-json\/wp\/v2\/posts"}],"about":[{"href":"https:\/\/www.caririemacao.com\/1\/wp-json\/wp\/v2\/types\/post"}],"author":[{"embeddable":true,"href":"https:\/\/www.caririemacao.com\/1\/wp-json\/wp\/v2\/users\/2"}],"replies":[{"embeddable":true,"href":"https:\/\/www.caririemacao.com\/1\/wp-json\/wp\/v2\/comments?post=38901"}],"version-history":[{"count":0,"href":"https:\/\/www.caririemacao.com\/1\/wp-json\/wp\/v2\/posts\/38901\/revisions"}],"wp:featuredmedia":[{"embeddable":true,"href":"https:\/\/www.caririemacao.com\/1\/wp-json\/wp\/v2\/media\/38902"}],"wp:attachment":[{"href":"https:\/\/www.caririemacao.com\/1\/wp-json\/wp\/v2\/media?parent=38901"}],"wp:term":[{"taxonomy":"category","embeddable":true,"href":"https:\/\/www.caririemacao.com\/1\/wp-json\/wp\/v2\/categories?post=38901"},{"taxonomy":"post_tag","embeddable":true,"href":"https:\/\/www.caririemacao.com\/1\/wp-json\/wp\/v2\/tags?post=38901"}],"curies":[{"name":"wp","href":"https:\/\/api.w.org\/{rel}","templated":true}]}}