{"id":38904,"date":"2018-01-26T20:59:08","date_gmt":"2018-01-26T23:59:08","guid":{"rendered":"http:\/\/caririemacao.com\/1\/?p=38904"},"modified":"2018-01-26T20:59:08","modified_gmt":"2018-01-26T23:59:08","slug":"pela-previdencia-temer-adia-viagem-a-portugal","status":"publish","type":"post","link":"https:\/\/www.caririemacao.com\/1\/2018\/01\/26\/pela-previdencia-temer-adia-viagem-a-portugal\/","title":{"rendered":"Pela Previd\u00eancia, Temer adia viagem a Portugal"},"content":{"rendered":"<p>O presidente Michel Temer decidiu nesta sexta-feira (26\/1), adiar a viagem que faria na semana que vem para Portugal para participar da XII Cimeira Luso-Brasileira no dia 2 de fevereiro. Temer sairia do Brasil no in\u00edcio do m\u00eas de fevereiro e, segundo interlocutores, pediu\u00a0 ao Minist\u00e9rio das Rela\u00e7\u00f5es Exteriores que agende uma nova data para o encontro com o primeiro-ministro portugu\u00eas, Ant\u00f4nio Costa, para que ele possa concentrar os esfor\u00e7os nas negocia\u00e7\u00f5es em torno da reforma da Previd\u00eancia.<\/p>\n<p>Segundo auxiliares, Temer quer aproveitar a semana que vem para realizar as conversas a fim de garantir que as discuss\u00f5es da Previd\u00eancia comecem no dia 5 de fevereiro, como est\u00e1 pr\u00e9-estipulado pelo presidente da C\u00e2mara, Rodrigo Maia. No \u00faltimo final de semana, o presidente disse a auxiliares que pretende colocar o texto da reforma da Previd\u00eancia em vota\u00e7\u00e3o mesmo sem os votos necess\u00e1rios.<\/p>\n<p>Na avalia\u00e7\u00e3o de Temer, em caso de derrota, o governo ter\u00e1 o discurso de que \u201cfez a sua parte\u201d e passar\u00e1 a responsabilidade aos parlamentares, que seriam obrigados a assumir uma postura perante seus eleitores. O discurso de que sem a reforma \u201cn\u00e3o haver\u00e1 aposentadorias\u201d no futuro foi refor\u00e7ado pelo presidente e seus ministros em v\u00eddeos publicados recentemente.<\/p>\n<p><b>Entrevistas<br \/>\n<\/b>Al\u00e9m do esfor\u00e7o com os parlamentares, neste s\u00e1bado (27) come\u00e7am a ser transmitidos os programas na TV aberta que o presidente gravou nas \u00faltimas semanas para tentar diminuir a resist\u00eancia \u00e0 reforma da Previd\u00eancia na popula\u00e7\u00e3o. Neste s\u00e1bado (27), ser\u00e1 transmitido o programa Amaury Jr, na TV Bandeirantes. No domingo (28) \u00e9 a vez de a grava\u00e7\u00e3o do programa do Silvio Santos ir ao ar. E na segunda o presidente aparecer\u00e1 no programa do Ratinho, tamb\u00e9m do SBT.<\/p>\n<p>Na segunda (29), o presidente deve estar em S\u00e3o Paulo para participar pela manh\u00e3 de uma entrevista ao vivo para a Radio Bandeirantes.<\/p>\n<p><strong>CARIRI EM A\u00c7\u00c3O<\/strong><\/p>\n<p><em>Com Estad\u00e3o\/Foto: Metr\u00f3poles<\/em><\/p>\n<p><strong>Leia mais not\u00edcias em\u00a0<\/strong><a href=\"http:\/\/www.caririemacao.com\/\"><strong>caririemacao.com<\/strong><\/a><strong>, siga nossa p\u00e1gina no\u00a0<\/strong><a href=\"https:\/\/www.facebook.com\/CaririEmAcao\/?ref=aymt_homepage_panel\"><strong>Facebook<\/strong><\/a>,<strong>\u00a0<\/strong><a href=\"https:\/\/www.instagram.com\/cariri_em_acao\/?hl=pt-br\"><strong>Instagram<\/strong><\/a><strong>\u00a0e\u00a0<\/strong><a href=\"https:\/\/www.youtube.com\/channel\/UCAptA0jQuYQy8vMhLt2m4qg\"><strong>Youtube<\/strong><\/a><strong>\u00a0e veja nossas mat\u00e9rias, v\u00eddeos e fotos. Voc\u00ea tamb\u00e9m pode enviar informa\u00e7\u00f5es \u00e0 Reda\u00e7\u00e3o do Portal Cariri em A\u00e7\u00e3o pelo WhatsApp (83) 9 9634.5791, (83) 9 9601-1162.<\/strong><\/p>\n","protected":false},"excerpt":{"rendered":"<p>O presidente Michel Temer decidiu nesta sexta-feira (26\/1), adiar a viagem que faria na semana que vem para Portugal para participar da XII Cimeira Luso-Brasileira&hellip; <\/p>\n","protected":false},"author":2,"featured_media":38905,"comment_status":"closed","ping_status":"closed","sticky":false,"template":"","format":"standard","meta":{"sfsi_plus_gutenberg_text_before_share":"","sfsi_plus_gutenberg_show_text_before_share":"","sfsi_plus_gutenberg_icon_type":"","sfsi_plus_gutenberg_icon_alignemt":"","sfsi_plus_gutenburg_max_per_row":"","footnotes":""},"categories":[11],"tags":[],"class_list":["post-38904","post","type-post","status-publish","format-standard","has-post-thumbnail","hentry","category-politica"],"_links":{"self":[{"href":"https:\/\/www.caririemacao.com\/1\/wp-json\/wp\/v2\/posts\/38904","targetHints":{"allow":["GET"]}}],"collection":[{"href":"https:\/\/www.caririemacao.com\/1\/wp-json\/wp\/v2\/posts"}],"about":[{"href":"https:\/\/www.caririemacao.com\/1\/wp-json\/wp\/v2\/types\/post"}],"author":[{"embeddable":true,"href":"https:\/\/www.caririemacao.com\/1\/wp-json\/wp\/v2\/users\/2"}],"replies":[{"embeddable":true,"href":"https:\/\/www.caririemacao.com\/1\/wp-json\/wp\/v2\/comments?post=38904"}],"version-history":[{"count":0,"href":"https:\/\/www.caririemacao.com\/1\/wp-json\/wp\/v2\/posts\/38904\/revisions"}],"wp:featuredmedia":[{"embeddable":true,"href":"https:\/\/www.caririemacao.com\/1\/wp-json\/wp\/v2\/media\/38905"}],"wp:attachment":[{"href":"https:\/\/www.caririemacao.com\/1\/wp-json\/wp\/v2\/media?parent=38904"}],"wp:term":[{"taxonomy":"category","embeddable":true,"href":"https:\/\/www.caririemacao.com\/1\/wp-json\/wp\/v2\/categories?post=38904"},{"taxonomy":"post_tag","embeddable":true,"href":"https:\/\/www.caririemacao.com\/1\/wp-json\/wp\/v2\/tags?post=38904"}],"curies":[{"name":"wp","href":"https:\/\/api.w.org\/{rel}","templated":true}]}}