{"id":38907,"date":"2018-01-26T21:04:48","date_gmt":"2018-01-27T00:04:48","guid":{"rendered":"http:\/\/caririemacao.com\/1\/?p=38907"},"modified":"2018-01-26T21:04:48","modified_gmt":"2018-01-27T00:04:48","slug":"definicao-de-posse-de-cristiane-brasil-deve-ficar-para-fevereiro","status":"publish","type":"post","link":"https:\/\/www.caririemacao.com\/1\/2018\/01\/26\/definicao-de-posse-de-cristiane-brasil-deve-ficar-para-fevereiro\/","title":{"rendered":"Defini\u00e7\u00e3o de posse de Cristiane Brasil deve ficar para fevereiro"},"content":{"rendered":"<article>\n<div class=\"mc-column content-text active-extra-styles active-capital-letter\" data-block-type=\"unstyled\" data-block-weight=\"33\" data-block-id=\"1\">\n<p class=\"content-text__container theme-color-primary-first-letter\" data-track-category=\"Link no Texto\" data-track-links=\"\">O Pal\u00e1cio do Planalto trabalha com a informa\u00e7\u00e3o de que ficar\u00e1 para o plen\u00e1rio do Supremo Tribunal Federal (STF) a decis\u00e3o sobre a posse da deputada Cristiane Brasil (PTB-RJ) no Minist\u00e9rio do Trabalho.<\/p>\n<\/div>\n<div class=\"mc-column content-text active-extra-styles \" data-block-type=\"unstyled\" data-block-weight=\"43\" data-block-id=\"2\">\n<p class=\"content-text__container \" data-track-category=\"Link no Texto\" data-track-links=\"\">A posse est\u00e1 suspensa por decis\u00e3o provis\u00f3ria da presidente do Supremo, ministra C\u00e1rmen L\u00facia, e, segundo interlocutores do presidente Temer, ela deve manter sua decis\u00e3o e submet\u00ea-la ao plen\u00e1rio da corte, que s\u00f3 volta a trabalhar em fevereiro ap\u00f3s o recesso do Judici\u00e1rio.<\/p>\n<\/div>\n<div class=\"mc-column content-text active-extra-styles \" data-block-type=\"unstyled\" data-block-weight=\"38\" data-block-id=\"3\">\n<p class=\"content-text__container \" data-track-category=\"Link no Texto\" data-track-links=\"\">Cristiane Brasil foi nomeada oficialmente ministra do Trabalho no dia 04 de janeiro. Uma primeira data para posse chegou a ser marcada para o dia 9 de janeiro, mas uma decis\u00e3o da Justi\u00e7a do Rio suspendeu a cerim\u00f4nia.<\/p>\n<\/div>\n<div class=\"mc-column content-text active-extra-styles \" data-block-type=\"unstyled\" data-block-weight=\"34\" data-block-id=\"4\">\n<p class=\"content-text__container \" data-track-category=\"Link no Texto\" data-track-links=\"\">Depois, o governo fez v\u00e1rias tentativas de derrubar a liminar no Tribunal Regional Federal do Rio, sem sucesso. Posteriormente, conseguiu uma\u00a0decis\u00e3o favor\u00e1vel do STJ (Superior Tribunal de Justi\u00e7a) no dia 20 de janeiro.<\/p>\n<\/div>\n<div class=\"mc-column content-text active-extra-styles \" data-block-type=\"unstyled\" data-block-weight=\"22\" data-block-id=\"5\">\n<p class=\"content-text__container \" data-track-category=\"Link no Texto\" data-track-links=\"\">A posse chegou ent\u00e3o a ser marcada para o dia 22, no mesmo dia em que Temer viajou para Davos, na Su\u00ed\u00e7a.<\/p>\n<\/div>\n<div class=\"mc-column content-text active-extra-styles \" data-block-type=\"unstyled\" data-block-weight=\"32\" data-block-id=\"6\">\n<p class=\"content-text__container \" data-track-category=\"Link no Texto\" data-track-links=\"\">S\u00f3 que a presidente do STF, acatando\u00a0pedido de advogados\u00a0que haviam entrado na Justi\u00e7a do Rio contra a nomea\u00e7\u00e3o da deputada, tomou uma decis\u00e3o provis\u00f3ria\u00a0impedindo assim a cerim\u00f4nia de posse.<\/p>\n<\/div>\n<div class=\"mc-column content-text active-extra-styles \" data-block-type=\"unstyled\" data-block-weight=\"24\" data-block-id=\"7\">\n<p class=\"content-text__container \" data-track-category=\"Link no Texto\" data-track-links=\"\">Em seguida, pediu mais informa\u00e7\u00f5es ao STJ e \u00e0 AGU (Advocacia-Geral da Uni\u00e3o) e parecer da Procuradoria-Geral da Rep\u00fablica num prazo de 48 horas.<\/p>\n<\/div>\n<div class=\"mc-column content-text active-extra-styles \" data-block-type=\"unstyled\" data-block-weight=\"23\" data-block-id=\"8\">\n<p class=\"content-text__container \" data-track-category=\"Link no Texto\" data-track-links=\"\">Os tr\u00eas \u00f3rg\u00e3os j\u00e1 encaminharam a documenta\u00e7\u00e3o para a ministra e a expectativa \u00e9 que ela tome uma decis\u00e3o final at\u00e9 segunda-feira (29).<\/p>\n<\/div>\n<div class=\"mc-column content-text active-extra-styles \" data-block-type=\"unstyled\" data-block-weight=\"53\" data-block-id=\"9\">\n<p class=\"content-text__container \" data-track-category=\"Link no Texto\" data-track-links=\"\">Segundo apurou o blog junto a interlocutores do presidente Temer, a expectativa \u00e9 que essa decis\u00e3o final de C\u00e1rmen L\u00facia aponte no caminho de que cabe ao STF decidir sobre o impasse em rela\u00e7\u00e3o \u00e0 posse da deputada e, com isso, mantenha a suspens\u00e3o at\u00e9 que o plen\u00e1rio do tribunal analise o tema.<\/p>\n<\/div>\n<div data-track-category=\"fim do conteudo\" data-track-action=\"ultimo chunk conteudo\" data-track-noninteraction=\"false\" data-track-scroll=\"entrada completa viewport\">\n<div class=\"mc-column content-text active-extra-styles \" data-block-type=\"unstyled\" data-block-weight=\"27\" data-block-id=\"10\">\n<p class=\"content-text__container \" data-track-category=\"Link no Texto\" data-track-links=\"\">Com isso, ficar\u00e1 para fevereiro a defini\u00e7\u00e3o sobre o Minist\u00e9rio do Trabalho, cujo posto de titular est\u00e1 vago desde que Ronaldo Nogueira, tamb\u00e9m do PTB, pediu demiss\u00e3o.<\/p>\n<p><strong>CARIRI EM A\u00c7\u00c3O<\/strong><\/p>\n<p><em>Com G1\/Foto: Reprodu\u00e7\u00e3o google<\/em><\/p>\n<p><strong>Leia mais not\u00edcias em\u00a0<\/strong><a href=\"http:\/\/www.caririemacao.com\/\"><strong>caririemacao.com<\/strong><\/a><strong>, siga nossa p\u00e1gina no\u00a0<\/strong><a href=\"https:\/\/www.facebook.com\/CaririEmAcao\/?ref=aymt_homepage_panel\"><strong>Facebook<\/strong><\/a>,<strong>\u00a0<\/strong><a href=\"https:\/\/www.instagram.com\/cariri_em_acao\/?hl=pt-br\"><strong>Instagram<\/strong><\/a><strong>\u00a0e\u00a0<\/strong><a href=\"https:\/\/www.youtube.com\/channel\/UCAptA0jQuYQy8vMhLt2m4qg\"><strong>Youtube<\/strong><\/a><strong>\u00a0e veja nossas mat\u00e9rias, v\u00eddeos e fotos. Voc\u00ea tamb\u00e9m pode enviar informa\u00e7\u00f5es \u00e0 Reda\u00e7\u00e3o do Portal Cariri em A\u00e7\u00e3o pelo WhatsApp (83) 9 9634.5791, (83) 9 9601-1162.<\/strong><\/p>\n<\/div>\n<\/div>\n<\/article>\n<div class=\"mc-column entities\"><\/div>\n","protected":false},"excerpt":{"rendered":"<p>O Pal\u00e1cio do Planalto trabalha com a informa\u00e7\u00e3o de que ficar\u00e1 para o plen\u00e1rio do Supremo Tribunal Federal (STF) a decis\u00e3o sobre a posse da&hellip; <\/p>\n","protected":false},"author":2,"featured_media":36739,"comment_status":"closed","ping_status":"closed","sticky":false,"template":"","format":"standard","meta":{"sfsi_plus_gutenberg_text_before_share":"","sfsi_plus_gutenberg_show_text_before_share":"","sfsi_plus_gutenberg_icon_type":"","sfsi_plus_gutenberg_icon_alignemt":"","sfsi_plus_gutenburg_max_per_row":"","footnotes":""},"categories":[11],"tags":[],"class_list":["post-38907","post","type-post","status-publish","format-standard","has-post-thumbnail","hentry","category-politica"],"_links":{"self":[{"href":"https:\/\/www.caririemacao.com\/1\/wp-json\/wp\/v2\/posts\/38907","targetHints":{"allow":["GET"]}}],"collection":[{"href":"https:\/\/www.caririemacao.com\/1\/wp-json\/wp\/v2\/posts"}],"about":[{"href":"https:\/\/www.caririemacao.com\/1\/wp-json\/wp\/v2\/types\/post"}],"author":[{"embeddable":true,"href":"https:\/\/www.caririemacao.com\/1\/wp-json\/wp\/v2\/users\/2"}],"replies":[{"embeddable":true,"href":"https:\/\/www.caririemacao.com\/1\/wp-json\/wp\/v2\/comments?post=38907"}],"version-history":[{"count":0,"href":"https:\/\/www.caririemacao.com\/1\/wp-json\/wp\/v2\/posts\/38907\/revisions"}],"wp:featuredmedia":[{"embeddable":true,"href":"https:\/\/www.caririemacao.com\/1\/wp-json\/wp\/v2\/media\/36739"}],"wp:attachment":[{"href":"https:\/\/www.caririemacao.com\/1\/wp-json\/wp\/v2\/media?parent=38907"}],"wp:term":[{"taxonomy":"category","embeddable":true,"href":"https:\/\/www.caririemacao.com\/1\/wp-json\/wp\/v2\/categories?post=38907"},{"taxonomy":"post_tag","embeddable":true,"href":"https:\/\/www.caririemacao.com\/1\/wp-json\/wp\/v2\/tags?post=38907"}],"curies":[{"name":"wp","href":"https:\/\/api.w.org\/{rel}","templated":true}]}}