{"id":38925,"date":"2018-01-27T08:44:09","date_gmt":"2018-01-27T11:44:09","guid":{"rendered":"http:\/\/caririemacao.com\/1\/?p=38925"},"modified":"2018-01-27T08:48:29","modified_gmt":"2018-01-27T11:48:29","slug":"secretaria-do-turismo-de-caraubas-divulga-programacao-do-carnaval-folia-2018","status":"publish","type":"post","link":"https:\/\/www.caririemacao.com\/1\/2018\/01\/27\/secretaria-do-turismo-de-caraubas-divulga-programacao-do-carnaval-folia-2018\/","title":{"rendered":"Secretaria do Turismo de Cara\u00fabas divulga programa\u00e7\u00e3o do Carnaval Folia 2018"},"content":{"rendered":"<p>A Prefeitura Municipal de Cara\u00fabas atrav\u00e9s da Secretaria do Turismo divulgou a programa\u00e7\u00e3o oficial do carnaval 2018 do munic\u00edpio. De acordo com a Secret\u00e1ria Silvana Myllena e o adjunto, Jos\u00e9 Valdomiro(Valzinho), o carnaval esse ano dever\u00e1 superar todas as edi\u00e7\u00f5es anteriores, haja vista, a grande quantidade de foli\u00f5es e turistas que est\u00e3o sendo aguardados para os 04(quatro) dias de festa.<\/p>\n<p>Segundo inf<span class=\"text_exposed_show\">orma\u00e7\u00f5es do secret\u00e1rio adjunto, Valzinho, o munic\u00edpio j\u00e1 oficializou a seguran\u00e7a p\u00fablica, os \u00f3rg\u00e3os de prote\u00e7\u00e3o ao Meio Ambiente (SUDEMA), corpo de bombeiros e entidades parceiras. No decorrer da pr\u00f3xima semana haver\u00e1 uma reuni\u00e3o com o objetivo de tra\u00e7ar o disciplinamento das pessoas que se utilizar\u00e3o do banho nas \u00e1guas do Po\u00e7o Cangati.<\/span><\/p>\n<p><span class=\"text_exposed_show\"><br \/>\nA secretaria de Obras P\u00fablicas e Servi\u00e7os Urbanos ser\u00e1 respons\u00e1vel pela limpeza das ruas, pra\u00e7as, avenidas e dos locais onde haver\u00e1 concentra\u00e7\u00e3o de blocos e foli\u00f5es. A secretaria da sa\u00fade montar\u00e1 plant\u00f5es alternados com profissionais que estar\u00e3o \u00e0 disposi\u00e7\u00e3o da popula\u00e7\u00e3o e dos que ir\u00e3o brincar a folia de momo. De acordo com a Secret\u00e1ria Adjunta da Sa\u00fade, Sandra Ferreira, a SMS disponibilizar\u00e1 12(doze) profissionais para os 04 (quatro) dias de festa.<\/span><\/p>\n<p><span class=\"text_exposed_show\"><br \/>\nJ\u00e1 a secret\u00e1ria Silvana Myllena, do Turismo, confirmou e divulgou as atra\u00e7\u00f5es para o per\u00edodo carnavalesco. Se apresentar\u00e3o no S\u00e1bado, dia 10\/02 &#8211; Franklin Dias e J\u00fanior Bar\u00e3o com in\u00edcio as 17h., e t\u00e9rmino \u00e1s 00h. No Domingo, dia 11\/02 &#8211; Bira e Banda Forr\u00f3 Levado, na segunda-feira, dia 12\/02 &#8211; Franklin Dias, DJ Tony e DJ Carlos &amp; Mateus e, finalmente, na ter\u00e7a-feira de carnaval, dia 13\/02 &#8211; Forr\u00f3 da Galega e J\u00fanior Bar\u00e3o.<\/span><\/p>\n<p><span class=\"text_exposed_show\"><br \/>\nToda programa\u00e7\u00e3o ser\u00e1 desenvolvida na Pra\u00e7a da Saudade onde ser\u00e1 montada uma estrutura com palco m\u00f3vel, sistema de sonoriza\u00e7\u00e3o e ilumina\u00e7\u00e3o para concentra\u00e7\u00e3o do p\u00fablico que quiser assistir aos shows. Carnaval Folia 2018, em Cara\u00fabas \u2013 PB. Aqui a divers\u00e3o est\u00e1 garantida.<\/span><\/p>\n<div class=\"text_exposed_show\">\n<p><strong>CARIRI EM A\u00c7\u00c3O<\/strong><\/p>\n<p><em>Com SEPLACOM\/Foto:Divulga\u00e7\u00e3o \u00a0<\/em><\/p>\n<p><strong>Leia mais not\u00edcias em\u00a0<\/strong><a href=\"http:\/\/www.caririemacao.com\/\"><strong>caririemacao.com<\/strong><\/a><strong>, siga nossa p\u00e1gina no\u00a0<\/strong><a href=\"https:\/\/www.facebook.com\/CaririEmAcao\/?ref=aymt_homepage_panel\"><strong>Facebook<\/strong><\/a>,<strong>\u00a0<\/strong><a href=\"https:\/\/www.instagram.com\/cariri_em_acao\/?hl=pt-br\"><strong>Instagram<\/strong><\/a><strong>\u00a0e <\/strong><a href=\"https:\/\/www.youtube.com\/channel\/UCAptA0jQuYQy8vMhLt2m4qg\"><strong>Youtube<\/strong><\/a><strong>\u00a0e veja nossas mat\u00e9rias, v\u00eddeos e fotos. Voc\u00ea tamb\u00e9m pode enviar informa\u00e7\u00f5es \u00e0 Reda\u00e7\u00e3o do Portal Cariri em A\u00e7\u00e3o pelo WhatsApp (83) 9 9634.5791, (83) 9 9601-1162.<\/strong><\/p>\n<\/div>\n","protected":false},"excerpt":{"rendered":"<p>A Prefeitura Municipal de Cara\u00fabas atrav\u00e9s da Secretaria do Turismo divulgou a programa\u00e7\u00e3o oficial do carnaval 2018 do munic\u00edpio. De acordo com a Secret\u00e1ria Silvana&hellip; <\/p>\n","protected":false},"author":2,"featured_media":38927,"comment_status":"closed","ping_status":"closed","sticky":false,"template":"","format":"standard","meta":{"sfsi_plus_gutenberg_text_before_share":"","sfsi_plus_gutenberg_show_text_before_share":"","sfsi_plus_gutenberg_icon_type":"","sfsi_plus_gutenberg_icon_alignemt":"","sfsi_plus_gutenburg_max_per_row":"","footnotes":""},"categories":[2],"tags":[],"class_list":["post-38925","post","type-post","status-publish","format-standard","has-post-thumbnail","hentry","category-geral"],"_links":{"self":[{"href":"https:\/\/www.caririemacao.com\/1\/wp-json\/wp\/v2\/posts\/38925","targetHints":{"allow":["GET"]}}],"collection":[{"href":"https:\/\/www.caririemacao.com\/1\/wp-json\/wp\/v2\/posts"}],"about":[{"href":"https:\/\/www.caririemacao.com\/1\/wp-json\/wp\/v2\/types\/post"}],"author":[{"embeddable":true,"href":"https:\/\/www.caririemacao.com\/1\/wp-json\/wp\/v2\/users\/2"}],"replies":[{"embeddable":true,"href":"https:\/\/www.caririemacao.com\/1\/wp-json\/wp\/v2\/comments?post=38925"}],"version-history":[{"count":0,"href":"https:\/\/www.caririemacao.com\/1\/wp-json\/wp\/v2\/posts\/38925\/revisions"}],"wp:featuredmedia":[{"embeddable":true,"href":"https:\/\/www.caririemacao.com\/1\/wp-json\/wp\/v2\/media\/38927"}],"wp:attachment":[{"href":"https:\/\/www.caririemacao.com\/1\/wp-json\/wp\/v2\/media?parent=38925"}],"wp:term":[{"taxonomy":"category","embeddable":true,"href":"https:\/\/www.caririemacao.com\/1\/wp-json\/wp\/v2\/categories?post=38925"},{"taxonomy":"post_tag","embeddable":true,"href":"https:\/\/www.caririemacao.com\/1\/wp-json\/wp\/v2\/tags?post=38925"}],"curies":[{"name":"wp","href":"https:\/\/api.w.org\/{rel}","templated":true}]}}