{"id":38952,"date":"2018-01-28T08:14:01","date_gmt":"2018-01-28T11:14:01","guid":{"rendered":"http:\/\/caririemacao.com\/1\/?p=38952"},"modified":"2018-01-28T08:14:01","modified_gmt":"2018-01-28T11:14:01","slug":"lula-quanto-mais-me-perseguem-mais-subo-nas-pesquisas","status":"publish","type":"post","link":"https:\/\/www.caririemacao.com\/1\/2018\/01\/28\/lula-quanto-mais-me-perseguem-mais-subo-nas-pesquisas\/","title":{"rendered":"Lula: \u201cQuanto mais me perseguem, mais subo nas pesquisas\u201d"},"content":{"rendered":"<p>O ex-presidente Luiz In\u00e1cio Lula da Silva declarou neste s\u00e1bado, por videoconfer\u00eancia em uma reuni\u00e3o da FAO (Organiza\u00e7\u00e3o das Na\u00e7\u00f5es Unidas para Alimenta\u00e7\u00e3o e Agricultura) em Adis Abeba, que os esfor\u00e7os para impedir sua candidatura \u00e0 presid\u00eancia apenas o tornam mais forte.<\/p>\n<p>\u201cN\u00e3o querem que eu seja candidato porque quanto mais me acusam, quanto mais me perseguem, mais eu subo nas pesquisas\u201d, declarou Lula em um discurso transmitido a um congresso sobre a luta contra a fome da FAO na capital da Eti\u00f3pia.<\/p>\n<p>Lula, condenado na quarta-feira por um tribunal de apela\u00e7\u00e3o a 12 anos e um m\u00eas de pris\u00e3o por corrup\u00e7\u00e3o passiva e lavagem de dinheiro, pretendia viajar a Eti\u00f3pia para participar na reuni\u00e3o organizada pela FAO e a Uni\u00e3o Africana.<\/p>\n<p>Mas na sexta-feira um juiz federal emitiu uma ordem para reter o passaporte do ex-presidente de 72 anos, que lidera as pesquisas para as elei\u00e7\u00f5es de outubro.<\/p>\n<p>Um advogado do ex-presidente entregou o documento no mesmo dia \u00e0 Pol\u00edcia Federal em S\u00e3o Paulo.<\/p>\n<p>Lula considera que as investiga\u00e7\u00f5es contra ele e sua condena\u00e7\u00e3o s\u00e3o parte de uma conspira\u00e7\u00e3o da elite pol\u00edtica, dos meios de comunica\u00e7\u00e3o e dos ju\u00edzes para impedir sua candidatura.<\/p>\n<p>\u201cSabem que se for candidato \u2013 contra os meios de comunica\u00e7\u00e3o em meu pa\u00eds, contra as elites brasileiras \u2013 minhas possibilidades de ganhar as elei\u00e7\u00f5es no primeiro turno s\u00e3o absolutas\u201d, disse.<\/p>\n<p>O Brasil, com pol\u00edticas de luta contra a pobreza elogiadas em todo o mundo, demonstrou que \u00e9 poss\u00edvel derrotar o fantasma da fome, afirmou Lula.<\/p>\n<p>Lula \u00e9 considerado culpado de receber um apartamento triplex no Guaruj\u00e1 (S\u00e3o Paulo) por parte da empreiteira OAS em troca de benef\u00edcios para a empresa com obras relacionadas \u00e0 Petrobras.<\/p>\n<p>O ex-presidente pode ser preso uma vez esgotados todos os recursos de segunda inst\u00e2ncia, algo que poderia demorar v\u00e1rias semanas ou meses.<\/p>\n<p><strong>CARIRI EM A\u00c7\u00c3O<\/strong><\/p>\n<p><em>Com Clik PB\/Foto:Divulga\u00e7\u00e3o<\/em><\/p>\n<p><strong>Leia mais not\u00edcias em\u00a0<\/strong><a href=\"http:\/\/www.caririemacao.com\/\"><strong>caririemacao.com<\/strong><\/a><strong>, siga nossa p\u00e1gina no\u00a0<\/strong><a href=\"https:\/\/www.facebook.com\/CaririEmAcao\/?ref=aymt_homepage_panel\"><strong>Facebook<\/strong><\/a>,<strong>\u00a0<\/strong><a href=\"https:\/\/www.instagram.com\/cariri_em_acao\/?hl=pt-br\"><strong>Instagram<\/strong><\/a><strong>\u00a0e\u00a0<\/strong><a href=\"https:\/\/www.youtube.com\/channel\/UCAptA0jQuYQy8vMhLt2m4qg\"><strong>Youtube<\/strong><\/a><strong>\u00a0e veja nossas mat\u00e9rias, v\u00eddeos e fotos. Voc\u00ea tamb\u00e9m pode enviar informa\u00e7\u00f5es \u00e0 Reda\u00e7\u00e3o do Portal Cariri em A\u00e7\u00e3o pelo WhatsApp (83) 9 9634.5791, (83) 9 9601-1162.<\/strong><\/p>\n","protected":false},"excerpt":{"rendered":"<p>O ex-presidente Luiz In\u00e1cio Lula da Silva declarou neste s\u00e1bado, por videoconfer\u00eancia em uma reuni\u00e3o da FAO (Organiza\u00e7\u00e3o das Na\u00e7\u00f5es Unidas para Alimenta\u00e7\u00e3o e Agricultura)&hellip; <\/p>\n","protected":false},"author":2,"featured_media":15985,"comment_status":"closed","ping_status":"closed","sticky":false,"template":"","format":"standard","meta":{"sfsi_plus_gutenberg_text_before_share":"","sfsi_plus_gutenberg_show_text_before_share":"","sfsi_plus_gutenberg_icon_type":"","sfsi_plus_gutenberg_icon_alignemt":"","sfsi_plus_gutenburg_max_per_row":"","footnotes":""},"categories":[11],"tags":[],"class_list":["post-38952","post","type-post","status-publish","format-standard","has-post-thumbnail","hentry","category-politica"],"_links":{"self":[{"href":"https:\/\/www.caririemacao.com\/1\/wp-json\/wp\/v2\/posts\/38952","targetHints":{"allow":["GET"]}}],"collection":[{"href":"https:\/\/www.caririemacao.com\/1\/wp-json\/wp\/v2\/posts"}],"about":[{"href":"https:\/\/www.caririemacao.com\/1\/wp-json\/wp\/v2\/types\/post"}],"author":[{"embeddable":true,"href":"https:\/\/www.caririemacao.com\/1\/wp-json\/wp\/v2\/users\/2"}],"replies":[{"embeddable":true,"href":"https:\/\/www.caririemacao.com\/1\/wp-json\/wp\/v2\/comments?post=38952"}],"version-history":[{"count":0,"href":"https:\/\/www.caririemacao.com\/1\/wp-json\/wp\/v2\/posts\/38952\/revisions"}],"wp:featuredmedia":[{"embeddable":true,"href":"https:\/\/www.caririemacao.com\/1\/wp-json\/wp\/v2\/media\/15985"}],"wp:attachment":[{"href":"https:\/\/www.caririemacao.com\/1\/wp-json\/wp\/v2\/media?parent=38952"}],"wp:term":[{"taxonomy":"category","embeddable":true,"href":"https:\/\/www.caririemacao.com\/1\/wp-json\/wp\/v2\/categories?post=38952"},{"taxonomy":"post_tag","embeddable":true,"href":"https:\/\/www.caririemacao.com\/1\/wp-json\/wp\/v2\/tags?post=38952"}],"curies":[{"name":"wp","href":"https:\/\/api.w.org\/{rel}","templated":true}]}}