{"id":38960,"date":"2018-01-28T08:32:49","date_gmt":"2018-01-28T11:32:49","guid":{"rendered":"http:\/\/caririemacao.com\/1\/?p=38960"},"modified":"2018-01-28T08:32:49","modified_gmt":"2018-01-28T11:32:49","slug":"siglas-rejeitam-proposta-do-pt-de-alianca-de-esquerda","status":"publish","type":"post","link":"https:\/\/www.caririemacao.com\/1\/2018\/01\/28\/siglas-rejeitam-proposta-do-pt-de-alianca-de-esquerda\/","title":{"rendered":"Siglas rejeitam proposta do PT de alian\u00e7a de esquerda"},"content":{"rendered":"<p>O PCdoB, o PDT e o PSOL, que manifestaram apoio ao ex-presidente Luiz In\u00e1cio Lula no julgamento do Tribunal Regional Federal da 4.\u00aa Regi\u00e3o (TRF-4), afirmam que n\u00e3o v\u00e3o aderir \u00e0 proposta do PT de uma &#8220;ampla&#8221; alian\u00e7a de esquerda na elei\u00e7\u00e3o presidencial deste ano. Apesar de defender o direito de Lula se candidatar novamente ao Planalto, os dirigentes partid\u00e1rios ouvidos pelo Estado disseram que n\u00e3o v\u00e3o desistir das candidaturas pr\u00f3prias, o que deve pulverizar o campo ideol\u00f3gico na disputa.<\/p>\n<p>Ao insistir na candidatura de Lula, a Executiva Nacional do PT aprovou resolu\u00e7\u00e3o que defende &#8220;uma ampla e s\u00f3lida alian\u00e7a&#8221; da esquerda em torno do l\u00edder petista. O documento foi divulgado na quinta-feira passada, um dia depois de a 8.\u00aa Turma do TRF-4 confirmar a condena\u00e7\u00e3o por corrup\u00e7\u00e3o passiva e lavagem de dinheiro e ampliar a pena imposta a Lula para 12 anos e 1 m\u00eas de pris\u00e3o. Com a condena\u00e7\u00e3o pelo colegiado, a tend\u00eancia \u00e9 de que Lula &#8211; l\u00edder nas pesquisas de inten\u00e7\u00e3o de voto &#8211; seja enquadrado na Lei da Ficha Limpa e fique ineleg\u00edvel.<\/p>\n<p>O PT promete levar a candidatura do ex-presidente at\u00e9 \u00e0s \u00faltimas consequ\u00eancias, mas os antigos aliados PCdoB e PDT n\u00e3o aceitam abrir m\u00e3o das pr\u00e9-candidaturas presidenciais da deputada ga\u00facha Manuela D&#8217;\u00c1vila e do ex-ministro Ciro Gomes, respectivamente.<\/p>\n<p>O PSOL convidou para ser candidato \u00e0 Presid\u00eancia o l\u00edder do Movimento dos Trabalhadores Sem Teto (MTST), Guilherme Boulos, nome ligado a Lula. Se aceitar, Boulos repetir\u00e1 a estrat\u00e9gia de voo solo que o PSOL adota desde sua funda\u00e7\u00e3o, em 2004, fruto de uma dissid\u00eancia da legenda petista.<\/p>\n<p>&#8220;O PT \u00e9 um partido que sempre buscou hegemonia. Nunca tive a ilus\u00e3o de que eles poderiam apoiar o Ciro. Se n\u00e3o for o Lula, eles v\u00e3o lan\u00e7ar outro candidato&#8221;, disse Cid Gomes, ex-ministro da Educa\u00e7\u00e3o no governo Dilma Rousseff e irm\u00e3o de Ciro. &#8220;O PT quer lan\u00e7ar uma frente contando que o candidato seja deles. Tem sido a pr\u00e1tica nos \u00faltimos anos&#8221;, afirmou o vice-presidente do PDT e l\u00edder da bancada na C\u00e2mara, Andr\u00e9 Figueiredo (CE).<\/p>\n<p>Na avalia\u00e7\u00e3o de dirigentes desses partidos, a decis\u00e3o judicial na segunda inst\u00e2ncia da Opera\u00e7\u00e3o Lava Jato piorou as condi\u00e7\u00f5es para Lula se candidatar sem questionamentos na Justi\u00e7a Eleitoral. Com isso, acreditam que o eleitor em busca de nomes de oposi\u00e7\u00e3o ao governo Temer tende a encontrar alternativas em outros partidos.<\/p>\n<p>Bancadas. Ao lan\u00e7ar um candidato pr\u00f3prio, essas siglas buscam, fora da \u00f3rbita petista e sem espa\u00e7o no governo federal, manter suas bancadas na C\u00e2mara dos Deputados, o que lhes garante acesso a recursos p\u00fablicos.<\/p>\n<p>&#8220;Nossa pr\u00e9-candidatura est\u00e1 consolidada. A Manuela vai expressar nossos pontos de vista. Temos a estrat\u00e9gia de afirmar a identidade do PCdoB&#8221;, afirmou o deputado Orlando Silva (PCdoB-SP), ex-ministro do Esporte nos governos Lula e Dilma. &#8220;Torcemos para que Lula tenha o direito de concorrer, mas, independentemente de ele ser candidato ou n\u00e3o, n\u00f3s teremos a Manuela&#8221;, disse o deputado.<\/p>\n<p>PSOL e PDT planejam oficializar seus pr\u00e9-candidatos no in\u00edcio de mar\u00e7o. Boulos tem at\u00e9 o dia 11 de mar\u00e7o para responder ao convite do PSOL, mas o partido afirma que ter\u00e1 um nome pr\u00f3prio, mesmo que o l\u00edder do MTST decida n\u00e3o entrar na disputa. &#8220;Nossa mobiliza\u00e7\u00e3o pelo direito de Lula ser candidato n\u00e3o redundar\u00e1 numa alian\u00e7a eleitoral. Guardamos diferen\u00e7as profundas program\u00e1ticas e de princ\u00edpios com o PT&#8221;, disse o presidente nacional do PSOL, Juliano Medeiros.<\/p>\n<p>&#8220;A candidatura caminha celeremente para ser a do Boulos. A tend\u00eancia \u00e9 ele se candidatar de qualquer forma. Uma coisa foi a luta contra o impeachment e contra a condena\u00e7\u00e3o do Lula, porque achamos que n\u00e3o havia provas. Outra coisa \u00e9 termos um programa pol\u00edtico e ideol\u00f3gico alternativo&#8221;, afirmou o deputado Ivan Valente (SP).<\/p>\n<p>Ciro se recupera de uma cirurgia de septo nasal e deve ser aclamado como futuro candidato do PDT em evento programado para o dia 8 de mar\u00e7o. Ele tem intensificado a participa\u00e7\u00e3o em eventos pol\u00edticos, como vem fazendo a deputada Manuela D\u0092\u00c1vila &#8211; que participou de encontro com sindicalistas e pol\u00edticos em Belo Horizonte (MG) na sexta-feira passada e deve cumprir agenda em S\u00e3o Paulo ap\u00f3s o carnaval.<\/p>\n<p>Fora do espectro de alian\u00e7as imaginado pelo PT, a Rede j\u00e1 lan\u00e7ou a pr\u00e9-candidatura de Marina Silva, ex-ministra do Meio Ambiente no governo Lula. Marina \u00e9 apontada por pesquisas de inten\u00e7\u00e3o de voto como potencial benefici\u00e1ria da aus\u00eancia do ex-presidente nas urnas, apesar de manter dist\u00e2ncia do PT e ter sido advers\u00e1ria de Dilma nas duas \u00faltimas elei\u00e7\u00f5es presidenciais, pelo PV e pelo PSB.<\/p>\n<p>Marina e seu partido n\u00e3o aderiram \u00e0 defesa p\u00fablica de Lula. Ao contr\u00e1rio, divulgaram uma nota &#8220;exortando o avan\u00e7o de todas as den\u00fancias de corrup\u00e7\u00e3o apresentadas pelo Minist\u00e9rio P\u00fablico, sem nenhuma distin\u00e7\u00e3o partid\u00e1ria e ideol\u00f3gica&#8221;.<\/p>\n<p><strong>CARIRI EM A\u00c7\u00c3O<\/strong><\/p>\n<p><em>Com O Estado de S. Paulo\/Foto:\u00a0\u00a9 DR<\/em><\/p>\n<p><strong>Leia mais not\u00edcias em\u00a0<\/strong><a href=\"http:\/\/www.caririemacao.com\/\"><strong>caririemacao.com<\/strong><\/a><strong>, siga nossa p\u00e1gina no\u00a0<\/strong><a href=\"https:\/\/www.facebook.com\/CaririEmAcao\/?ref=aymt_homepage_panel\"><strong>Facebook<\/strong><\/a>,<strong>\u00a0<\/strong><a href=\"https:\/\/www.instagram.com\/cariri_em_acao\/?hl=pt-br\"><strong>Instagram<\/strong><\/a><strong>\u00a0e\u00a0<\/strong><a href=\"https:\/\/www.youtube.com\/channel\/UCAptA0jQuYQy8vMhLt2m4qg\"><strong>Youtube<\/strong><\/a><strong>\u00a0e veja nossas mat\u00e9rias, v\u00eddeos e fotos. Voc\u00ea tamb\u00e9m pode enviar informa\u00e7\u00f5es \u00e0 Reda\u00e7\u00e3o do Portal Cariri em A\u00e7\u00e3o pelo WhatsApp (83) 9 9634.5791, (83) 9 9601-1162.<\/strong><\/p>\n","protected":false},"excerpt":{"rendered":"<p>O PCdoB, o PDT e o PSOL, que manifestaram apoio ao ex-presidente Luiz In\u00e1cio Lula no julgamento do Tribunal Regional Federal da 4.\u00aa Regi\u00e3o (TRF-4),&hellip; <\/p>\n","protected":false},"author":2,"featured_media":38961,"comment_status":"closed","ping_status":"closed","sticky":false,"template":"","format":"standard","meta":{"sfsi_plus_gutenberg_text_before_share":"","sfsi_plus_gutenberg_show_text_before_share":"","sfsi_plus_gutenberg_icon_type":"","sfsi_plus_gutenberg_icon_alignemt":"","sfsi_plus_gutenburg_max_per_row":"","footnotes":""},"categories":[1],"tags":[],"class_list":["post-38960","post","type-post","status-publish","format-standard","has-post-thumbnail","hentry","category-o-site"],"_links":{"self":[{"href":"https:\/\/www.caririemacao.com\/1\/wp-json\/wp\/v2\/posts\/38960","targetHints":{"allow":["GET"]}}],"collection":[{"href":"https:\/\/www.caririemacao.com\/1\/wp-json\/wp\/v2\/posts"}],"about":[{"href":"https:\/\/www.caririemacao.com\/1\/wp-json\/wp\/v2\/types\/post"}],"author":[{"embeddable":true,"href":"https:\/\/www.caririemacao.com\/1\/wp-json\/wp\/v2\/users\/2"}],"replies":[{"embeddable":true,"href":"https:\/\/www.caririemacao.com\/1\/wp-json\/wp\/v2\/comments?post=38960"}],"version-history":[{"count":0,"href":"https:\/\/www.caririemacao.com\/1\/wp-json\/wp\/v2\/posts\/38960\/revisions"}],"wp:featuredmedia":[{"embeddable":true,"href":"https:\/\/www.caririemacao.com\/1\/wp-json\/wp\/v2\/media\/38961"}],"wp:attachment":[{"href":"https:\/\/www.caririemacao.com\/1\/wp-json\/wp\/v2\/media?parent=38960"}],"wp:term":[{"taxonomy":"category","embeddable":true,"href":"https:\/\/www.caririemacao.com\/1\/wp-json\/wp\/v2\/categories?post=38960"},{"taxonomy":"post_tag","embeddable":true,"href":"https:\/\/www.caririemacao.com\/1\/wp-json\/wp\/v2\/tags?post=38960"}],"curies":[{"name":"wp","href":"https:\/\/api.w.org\/{rel}","templated":true}]}}