{"id":38963,"date":"2018-01-28T08:40:14","date_gmt":"2018-01-28T11:40:14","guid":{"rendered":"http:\/\/caririemacao.com\/1\/?p=38963"},"modified":"2018-01-28T08:40:14","modified_gmt":"2018-01-28T11:40:14","slug":"mbl-quer-que-dono-da-riachuelo-concorra-ao-planalto","status":"publish","type":"post","link":"https:\/\/www.caririemacao.com\/1\/2018\/01\/28\/mbl-quer-que-dono-da-riachuelo-concorra-ao-planalto\/","title":{"rendered":"MBL quer que dono da Riachuelo concorra ao Planalto"},"content":{"rendered":"<p>Integrantes do Movimento Brasil Livre (MBL) estariam apoiando uma poss\u00edvel candidatura do empres\u00e1rio Fl\u00e1vio Rocha, dono da Riachuelo, \u00e0 elei\u00e7\u00e3o presidencial deste ano.<\/p>\n<p>As informa\u00e7\u00f5es s\u00e3o da coluna do jornalista Lauro Jardim, do jornal O Globo, deste domingo (28).<\/p>\n<p>Embora n\u00e3o seja candidato oficialmente, o empres\u00e1rio teria admitido concorrer e procura nomes para compor equipe de governo.<\/p>\n<p>Caso a candidatura se confirme, Rocha deve se unir ao time dos &#8220;outsiders&#8221; que concorrer\u00e3o ao Planalto. Nomes como o do empres\u00e1rio Jo\u00e3o Amo\u00eado, do Novo, e o apresentador Luciano Huck podem estar no p\u00e1reo.<\/p>\n<p><strong>CARIRI EM A\u00c7\u00c3O<\/strong><\/p>\n<p><em>Com O Globo\/Foto:\u00a0Reprodu\u00e7\u00e3o YouTube<\/em><\/p>\n<p><strong>Leia mais not\u00edcias em\u00a0<\/strong><a href=\"http:\/\/www.caririemacao.com\/\"><strong>caririemacao.com<\/strong><\/a><strong>, siga nossa p\u00e1gina no\u00a0<\/strong><a href=\"https:\/\/www.facebook.com\/CaririEmAcao\/?ref=aymt_homepage_panel\"><strong>Facebook<\/strong><\/a>,<strong>\u00a0<\/strong><a href=\"https:\/\/www.instagram.com\/cariri_em_acao\/?hl=pt-br\"><strong>Instagram<\/strong><\/a><strong>\u00a0e\u00a0<\/strong><a href=\"https:\/\/www.youtube.com\/channel\/UCAptA0jQuYQy8vMhLt2m4qg\"><strong>Youtube<\/strong><\/a><strong>\u00a0e veja nossas mat\u00e9rias, v\u00eddeos e fotos. Voc\u00ea tamb\u00e9m pode enviar informa\u00e7\u00f5es \u00e0 Reda\u00e7\u00e3o do Portal Cariri em A\u00e7\u00e3o pelo WhatsApp (83) 9 9634.5791, (83) 9 9601-1162.<\/strong><\/p>\n","protected":false},"excerpt":{"rendered":"<p>Integrantes do Movimento Brasil Livre (MBL) estariam apoiando uma poss\u00edvel candidatura do empres\u00e1rio Fl\u00e1vio Rocha, dono da Riachuelo, \u00e0 elei\u00e7\u00e3o presidencial deste ano. As informa\u00e7\u00f5es&hellip; <\/p>\n","protected":false},"author":2,"featured_media":38965,"comment_status":"closed","ping_status":"closed","sticky":false,"template":"","format":"standard","meta":{"sfsi_plus_gutenberg_text_before_share":"","sfsi_plus_gutenberg_show_text_before_share":"","sfsi_plus_gutenberg_icon_type":"","sfsi_plus_gutenberg_icon_alignemt":"","sfsi_plus_gutenburg_max_per_row":"","footnotes":""},"categories":[1],"tags":[],"class_list":["post-38963","post","type-post","status-publish","format-standard","has-post-thumbnail","hentry","category-o-site"],"_links":{"self":[{"href":"https:\/\/www.caririemacao.com\/1\/wp-json\/wp\/v2\/posts\/38963","targetHints":{"allow":["GET"]}}],"collection":[{"href":"https:\/\/www.caririemacao.com\/1\/wp-json\/wp\/v2\/posts"}],"about":[{"href":"https:\/\/www.caririemacao.com\/1\/wp-json\/wp\/v2\/types\/post"}],"author":[{"embeddable":true,"href":"https:\/\/www.caririemacao.com\/1\/wp-json\/wp\/v2\/users\/2"}],"replies":[{"embeddable":true,"href":"https:\/\/www.caririemacao.com\/1\/wp-json\/wp\/v2\/comments?post=38963"}],"version-history":[{"count":0,"href":"https:\/\/www.caririemacao.com\/1\/wp-json\/wp\/v2\/posts\/38963\/revisions"}],"wp:featuredmedia":[{"embeddable":true,"href":"https:\/\/www.caririemacao.com\/1\/wp-json\/wp\/v2\/media\/38965"}],"wp:attachment":[{"href":"https:\/\/www.caririemacao.com\/1\/wp-json\/wp\/v2\/media?parent=38963"}],"wp:term":[{"taxonomy":"category","embeddable":true,"href":"https:\/\/www.caririemacao.com\/1\/wp-json\/wp\/v2\/categories?post=38963"},{"taxonomy":"post_tag","embeddable":true,"href":"https:\/\/www.caririemacao.com\/1\/wp-json\/wp\/v2\/tags?post=38963"}],"curies":[{"name":"wp","href":"https:\/\/api.w.org\/{rel}","templated":true}]}}