{"id":38967,"date":"2018-01-28T08:45:52","date_gmt":"2018-01-28T11:45:52","guid":{"rendered":"http:\/\/caririemacao.com\/1\/?p=38967"},"modified":"2018-01-28T08:45:52","modified_gmt":"2018-01-28T11:45:52","slug":"morte-de-testemunha-da-lava-jato-pode-estar-relacionada-a-operacao","status":"publish","type":"post","link":"https:\/\/www.caririemacao.com\/1\/2018\/01\/28\/morte-de-testemunha-da-lava-jato-pode-estar-relacionada-a-operacao\/","title":{"rendered":"Morte de testemunha da Lava Jato pode estar relacionada \u00e0 opera\u00e7\u00e3o"},"content":{"rendered":"<p>Em despacho divulgado na \u00faltima sexta (26), o juiz Sergio Moro afirmou que o assassinato de uma testemunha da Lava Jato pode estar relacionado \u00e0s investiga\u00e7\u00f5es da opera\u00e7\u00e3o.<\/p>\n<p>Jos\u00e9 Roberto Soares Vieira, 47, foi morto no dia 17 com nove tiros na rodovia BA-522, em Candeias, regi\u00e3o metropolitana de Salvador.<\/p>\n<p>Soares Vieira foi a principal testemunha de uma investiga\u00e7\u00e3o da Pol\u00edcia Federal que resultou na pris\u00e3o do ex-gerente da Transpetro na Bahia Jos\u00e9 Antonio de Jesus.<\/p>\n<p>&#8220;Infelizmente, h\u00e1 not\u00edcia muito grave do assassinato do acusado Jos\u00e9 Roberto Soares Vieira em 17\/01\/2017 no curso da a\u00e7\u00e3o penal, o que ainda est\u00e1 em apura\u00e7\u00e3o&#8221;, afirmou Moro.<\/p>\n<p>&#8220;N\u00e3o se pode excluir a possibilidade de que o homic\u00eddio esteja relacionado a esta a\u00e7\u00e3o penal, j\u00e1 que, na fase de investiga\u00e7\u00e3o, o referido acusado aparentemente confessou seus crimes e revelou crimes de outros.&#8221;<\/p>\n<p>Jos\u00e9 Ant\u00f4nio de Jesus foi preso provisoriamente no dia 21 de novembro do ano passado na 47\u00aa fase da Lava Jato, a Opera\u00e7\u00e3o Sothis. Ele foi acusado de receber propinas de subsidi\u00e1rias da Petrobras por meio de empresas e contas banc\u00e1rias de familiares. Segundo o Minist\u00e9rio P\u00fablico, os recursos seriam destinados ao PT da Bahia.<\/p>\n<p>Em seu depoimento \u00e0 PF, Soares Vieira disse que a JRA Transportes foi usada por Jos\u00e9 Ant\u00f4nio de Jesus para receber pagamentos de empresas fornecedoras da Transpetro sem ter prestado qualquer tipo de servi\u00e7o. O Minist\u00e9rio P\u00fablico Federal depois rastreou pagamentos de R$ 2,3 milh\u00f5es para o ex-gerente da Transpetro.<\/p>\n<p>As informa\u00e7\u00f5es dadas por Soares Vieira tamb\u00e9m embasaram o pedido da Procuradoria-Geral da Rep\u00fablica, acatado por Moro, para que a pris\u00e3o tempor\u00e1ria de Jos\u00e9 Ant\u00f4nio de Jesus fosse transformada em preventiva, por tempo indeterminado.<\/p>\n<p><span class=\"news_bold\">CRIME<\/span><\/p>\n<p>No dia seguinte ao assassinato, a delegada Maria das Gra\u00e7as Barreto, titular da delegacia de Candeias que comanda as investiga\u00e7\u00f5es, disse \u00e0 Folha que &#8220;n\u00e3o h\u00e1 d\u00favida&#8221; de que Soares Vieira fora v\u00edtima de crime planejado.<\/p>\n<p>O homem que o matou, segundo a pol\u00edcia, foi \u00e0 sede da transportadora \u00e0 procura dele nos dois dias anteriores ao crime e informou a funcion\u00e1rios que estava oferecendo servi\u00e7os para capinar e limpar o terreno.<\/p>\n<p>Por volta das 11h40 do dia 17, o homem abordou Vieira quando ele entrava na empresa, o atingiu com nove tiros e fugiu.<\/p>\n<p>Testemunhas tamb\u00e9m afirmam que Vieira andava preocupado com sua seguran\u00e7a. Horas antes de ser morto, ele deixou seu carro em uma revendedora em Salvador. O objetivo seria comprar um novo autom\u00f3vel, com vidros blindados. No momento em que foi morto, estava em um carro locado.<\/p>\n<p>Segundo a delegada, a pol\u00edcia trabalha com tr\u00eas linhas de investiga\u00e7\u00e3o: queima de arquivo, vingan\u00e7a e crime pol\u00edtico, j\u00e1 que a v\u00edtima era filiada ao PT e foi vice-prefeito da cidade de Ourol\u00e2ndia, norte da Bahia entre 2013 e 2016.<\/p>\n<p><span class=\"news_bold\">O ESQUEMA<\/span><\/p>\n<p>As investiga\u00e7\u00f5es do Minist\u00e9rio P\u00fablico Federal apontam que o ex-gerente da Transpetro usou familiares e intermedi\u00e1rios para receber R$ 7 milh\u00f5es em propina da empresa de engenharia NM, fornecedora da Transpetro, entre setembro de 2009 e mar\u00e7o de 2014.<\/p>\n<p>Segundo os procuradores, o ex-gerente teria pedido, inicialmente, o pagamento de 1% do valor dos contratos da NM com a Transpetro como propina, mas o acerto final ficou em 0,5%. Esse valor teria sido pago mensalmente em benef\u00edcio do PT.<\/p>\n<p>Para dissimular e ocultar a origem il\u00edcita dos recursos, o valor teria sido pago por dep\u00f3sitos realizados em contas banc\u00e1rias de terceiros e familiares, vindo de contas de titularidade da empresa de engenharia NM e de seus s\u00f3cios.<\/p>\n<p>Jos\u00e9 Ant\u00f4nio de Jesus \u00e9 investigado pela pr\u00e1tica dos crimes de corrup\u00e7\u00e3o e lavagem de dinheiro.<\/p>\n<p>Em nota, sua defesa disse esperar &#8220;que a pol\u00edcia identifique rapidamente os autores desse grave crime&#8221;.<\/p>\n<p><span class=\"news_bold\">DISCRIMINA\u00c7\u00c3O DOS MANDADOS<\/span><\/p>\n<p><span class=\"news_bold\">BAHIA<\/span><\/p>\n<p>1 mandado de pris\u00e3o tempor\u00e1ria<\/p>\n<p>4 mandados de busca e apreens\u00e3o<\/p>\n<p>2 mandados de condu\u00e7\u00e3o coercitiva<\/p>\n<p><span class=\"news_bold\">SERGIPE<\/span><\/p>\n<p>2 mandados de busca e apreens\u00e3o<\/p>\n<p>1 mandado de condu\u00e7\u00e3o coercitiva<\/p>\n<p><span class=\"news_bold\">SANTA CATARINA<\/span><\/p>\n<p>1 mandados de busca e apreens\u00e3o<\/p>\n<p><span class=\"news_bold\">S\u00c3O PAULO<\/span><\/p>\n<p>1 mandado de busca e apreens\u00e3o<\/p>\n<p>1 mandado de condu\u00e7\u00e3o coercitiva<\/p>\n<p><strong>CARIRI EM A\u00c7\u00c3O<\/strong><\/p>\n<p><em>Com Not\u00edcia ao minuto\/Foto:\u00a0\u00a0Rafael Marchante<\/em><\/p>\n<p><strong>Leia mais not\u00edcias em\u00a0<\/strong><a href=\"http:\/\/www.caririemacao.com\/\"><strong>caririemacao.com<\/strong><\/a><strong>, siga nossa p\u00e1gina no\u00a0<\/strong><a href=\"https:\/\/www.facebook.com\/CaririEmAcao\/?ref=aymt_homepage_panel\"><strong>Facebook<\/strong><\/a>,<strong>\u00a0<\/strong><a href=\"https:\/\/www.instagram.com\/cariri_em_acao\/?hl=pt-br\"><strong>Instagram<\/strong><\/a><strong>\u00a0e\u00a0<\/strong><a href=\"https:\/\/www.youtube.com\/channel\/UCAptA0jQuYQy8vMhLt2m4qg\"><strong>Youtube<\/strong><\/a><strong>\u00a0e veja nossas mat\u00e9rias, v\u00eddeos e fotos. Voc\u00ea tamb\u00e9m pode enviar informa\u00e7\u00f5es \u00e0 Reda\u00e7\u00e3o do Portal Cariri em A\u00e7\u00e3o pelo WhatsApp (83) 9 9634.5791, (83) 9 9601-1162.<\/strong><\/p>\n","protected":false},"excerpt":{"rendered":"<p>Em despacho divulgado na \u00faltima sexta (26), o juiz Sergio Moro afirmou que o assassinato de uma testemunha da Lava Jato pode estar relacionado \u00e0s&hellip; <\/p>\n","protected":false},"author":2,"featured_media":38968,"comment_status":"closed","ping_status":"closed","sticky":false,"template":"","format":"standard","meta":{"sfsi_plus_gutenberg_text_before_share":"","sfsi_plus_gutenberg_show_text_before_share":"","sfsi_plus_gutenberg_icon_type":"","sfsi_plus_gutenberg_icon_alignemt":"","sfsi_plus_gutenburg_max_per_row":"","footnotes":""},"categories":[11],"tags":[],"class_list":["post-38967","post","type-post","status-publish","format-standard","has-post-thumbnail","hentry","category-politica"],"_links":{"self":[{"href":"https:\/\/www.caririemacao.com\/1\/wp-json\/wp\/v2\/posts\/38967","targetHints":{"allow":["GET"]}}],"collection":[{"href":"https:\/\/www.caririemacao.com\/1\/wp-json\/wp\/v2\/posts"}],"about":[{"href":"https:\/\/www.caririemacao.com\/1\/wp-json\/wp\/v2\/types\/post"}],"author":[{"embeddable":true,"href":"https:\/\/www.caririemacao.com\/1\/wp-json\/wp\/v2\/users\/2"}],"replies":[{"embeddable":true,"href":"https:\/\/www.caririemacao.com\/1\/wp-json\/wp\/v2\/comments?post=38967"}],"version-history":[{"count":0,"href":"https:\/\/www.caririemacao.com\/1\/wp-json\/wp\/v2\/posts\/38967\/revisions"}],"wp:featuredmedia":[{"embeddable":true,"href":"https:\/\/www.caririemacao.com\/1\/wp-json\/wp\/v2\/media\/38968"}],"wp:attachment":[{"href":"https:\/\/www.caririemacao.com\/1\/wp-json\/wp\/v2\/media?parent=38967"}],"wp:term":[{"taxonomy":"category","embeddable":true,"href":"https:\/\/www.caririemacao.com\/1\/wp-json\/wp\/v2\/categories?post=38967"},{"taxonomy":"post_tag","embeddable":true,"href":"https:\/\/www.caririemacao.com\/1\/wp-json\/wp\/v2\/tags?post=38967"}],"curies":[{"name":"wp","href":"https:\/\/api.w.org\/{rel}","templated":true}]}}