{"id":38974,"date":"2018-01-28T09:05:18","date_gmt":"2018-01-28T12:05:18","guid":{"rendered":"http:\/\/caririemacao.com\/1\/?p=38974"},"modified":"2018-01-28T09:05:18","modified_gmt":"2018-01-28T12:05:18","slug":"com-aumento-de-casos-no-verao-saiba-como-evitar-a-conjuntivite","status":"publish","type":"post","link":"https:\/\/www.caririemacao.com\/1\/2018\/01\/28\/com-aumento-de-casos-no-verao-saiba-como-evitar-a-conjuntivite\/","title":{"rendered":"Com aumento de casos no ver\u00e3o, saiba como evitar a conjuntivite"},"content":{"rendered":"<p>No ver\u00e3o, uma das doen\u00e7as que tem aumento no n\u00famero de casos \u00e9 a conjuntivite, infec\u00e7\u00e3o que aparece na conjuntiva, a membrana que recobre a parte branca do olho.<\/p>\n<p>A mais comum \u00e9 a causada por v\u00edrus, que \u00e9 mais resistente, circulando com mais facilidade no ar por causa das altas temperaturas e umidade nesta \u00e9poca do ano e tamb\u00e9m em ambientes fechados.<\/p>\n<p>\u201cA gente pega mais f\u00e1cil por contato direto. Se a pessoa coloca a m\u00e3o no olho, d\u00e1 a m\u00e3o para outra pessoa, a\u00ed acaba pegando a conjuntivite. Mas pode pegar at\u00e9 pelo ar\u201d, disse a integrante do Conselho Brasileiro de Oftalmologia (CBO), Cristina Dantas. Piscinas s\u00e3o grandes focos de contamina\u00e7\u00e3o.<\/p>\n<p><strong>Aumento de casos<\/strong><\/p>\n<p>Em Caldas Novas, cidade tur\u00edstica de Goi\u00e1s conhecida pelos clubes e piscinas de \u00e1guas termais, registrou alta de casos da doen\u00e7a neste in\u00edcio de ano. O coordenador do N\u00facleo de Vigil\u00e2ncia Epidemiol\u00f3gica da Secretaria Municipal de Sa\u00fade, Jos\u00e9 Cust\u00f3dio Neto, estima aumento em torno de 40% em rela\u00e7\u00e3o ao mesmo per\u00edodo do ano passado.<\/p>\n<p>O coordenador informou que est\u00e3o sendo feitas notifica\u00e7\u00f5es e coleta de material junto com t\u00e9cnicos do Minist\u00e9rio da Sa\u00fade para verificar se os casos s\u00e3o virais ou causados por bact\u00e9rias.<\/p>\n<p>Al\u00e9m dos fatores clim\u00e1ticos, o movimento nos parques aqu\u00e1ticos cresceram 30% em compara\u00e7\u00e3o ao ano passado. \u201cMais gente aglomerada junta nos parques aqu\u00e1ticos, mais crian\u00e7as\u201d, alerta Cust\u00f3dio.<\/p>\n<p>Em Corumb\u00e1 (MS), a cidade j\u00e1 registrou 378 casos, contra menos de 100 em janeiro de 2017. O per\u00edodo chuvoso, somado \u00e0 maior aglomera\u00e7\u00e3o por causa das f\u00e9rias e \u00e0 m\u00e1 higiene, podem ter provocado esse surto, segundo o secret\u00e1rio Municipal de Sa\u00fade, Rog\u00e9rio Leite.<\/p>\n<p>Pelas redes sociais, a secretaria alerta a popula\u00e7\u00e3o sobre quais provid\u00eancias devem ser tomadas e servidores das unidades de sa\u00fade foram capacitados. \u201cOs casos que os m\u00e9dicos da ponta n\u00e3o conseguem resolver s\u00e3o direcionados aos nossos especialistas\u201d, disse Leite, acrescentando que o \u00e1pice do surto ocorreu h\u00e1 duas semanas.<\/p>\n<p><strong>O que \u00e9 a doen\u00e7a?<\/strong><\/p>\n<p>A conjuntivite \u00e9 a inflama\u00e7\u00e3o da conjuntiva, uma membrana que reveste a parte da frente do globo ocular e tamb\u00e9m o interior das p\u00e1lpebras. Pode ser al\u00e9rgica, viral ou bacteriana. Nos dois \u00faltimos casos, \u00e9 contagiosa.<\/p>\n<p><strong>Quais s\u00e3o os sintomas ?<\/strong><\/p>\n<p>Coceira, olhos vermelhos e lacrimejantes, com sensa\u00e7\u00e3o de areia ou ciscos, secre\u00e7\u00e3o amarelada (quando causada por uma bact\u00e9ria) ou esbranqui\u00e7ada (quando causada por v\u00edrus), p\u00e1lpebras inchadas e grudadas ao acordar e tamb\u00e9m vis\u00e3o borrada.<\/p>\n<p>A doen\u00e7a pode acometer um ou ambos os olhos de uma semana a 15 dias.<\/p>\n<p><strong>Como \u00e9 o cont\u00e1gio?<\/strong><\/p>\n<p>A conjuntivite al\u00e9rgica acomete mais crian\u00e7as, n\u00e3o \u00e9 contagiosa e \u00e9 provocada pelo \u00e1caro.<\/p>\n<p>A viral e a bacteriana s\u00e3o transmitidas pelo contato com as m\u00e3os, secre\u00e7\u00e3o ou objetos contaminados, como ma\u00e7anetas, toalhas e \u00e1gua de piscina, em especial morna e com pouco cloro. Em ambientes fechados e com grande circula\u00e7\u00e3o, como escolas ou \u00f4nibus, o risco de contamina\u00e7\u00e3o aumenta. As duas s\u00e3o diferenciadas somente por meio de exame oftalmol\u00f3gico.<\/p>\n<p>A viral, geralmente, ataca os dois olhos e a secre\u00e7\u00e3o \u00e9 esbranqui\u00e7ada. A conjuntivite bacteriana d\u00e1 em um olho s\u00f3, com secre\u00e7\u00e3o mais amarelada ou esverdeada.<\/p>\n<p><strong>Como evitar?<\/strong><\/p>\n<p>Evite co\u00e7ar os olhos em locais com grande aglomera\u00e7\u00e3o, como piscinas e academias. As m\u00e3os e o rosto devem ser higienizados com frequ\u00eancia.<\/p>\n<p>Quem estiver doente deve lavar as m\u00e3os com frequ\u00eancia, trocar fronhas de travesseiros e toalhas diariamente, preferir toalhas de papel na hora de enxugar o rosto e evitar compartilhar produtos para os olhos, como delineador e r\u00edmel.<\/p>\n<p><strong>Como \u00e9 o tratamento?<\/strong><\/p>\n<p>No caso da conjuntivite viral, n\u00e3o existe tratamento espec\u00edfico. A m\u00e9dica Cristina Dantas recomenda o uso de compressas frias ou geladas e aplica\u00e7\u00e3o de col\u00edrio lubrificante gelado v\u00e1rias vezes por dia para aliviar.<\/p>\n<p>Para a bacteriana, o tratamento \u00e9 com col\u00edrio antibi\u00f3tico. \u00c9 recomendado lavar os olhos e fazer compressas de \u00e1gua gelada, filtrada e fervida, ou soro fisiol\u00f3gico. Nos casos mais graves, a c\u00f3rnea pode ser perfurada.<\/p>\n<p>A conjuntivite al\u00e9rgica \u00e9 tratada com col\u00edrio antial\u00e9rgico. No caso das crian\u00e7as, a m\u00e9dica alerta para necessidade do tratamento, pois as chances de uma \u00falcera ou ferida na c\u00f3rnea s\u00e3o maiores.<\/p>\n<p><strong>CARIRI EM A\u00c7\u00c3O<\/strong><\/p>\n<p><em>Com Portal Brasil\/Foto:\u00a0Ag\u00eancia Brasi<\/em><\/p>\n<p><strong>Leia mais not\u00edcias em\u00a0<\/strong><a href=\"http:\/\/www.caririemacao.com\/\"><strong>caririemacao.com<\/strong><\/a><strong>, siga nossa p\u00e1gina no\u00a0<\/strong><a href=\"https:\/\/www.facebook.com\/CaririEmAcao\/?ref=aymt_homepage_panel\"><strong>Facebook<\/strong><\/a>,<strong>\u00a0<\/strong><a href=\"https:\/\/www.instagram.com\/cariri_em_acao\/?hl=pt-br\"><strong>Instagram<\/strong><\/a><strong>\u00a0e\u00a0<\/strong><a href=\"https:\/\/www.youtube.com\/channel\/UCAptA0jQuYQy8vMhLt2m4qg\"><strong>Youtube<\/strong><\/a><strong>\u00a0e veja nossas mat\u00e9rias, v\u00eddeos e fotos. Voc\u00ea tamb\u00e9m pode enviar informa\u00e7\u00f5es \u00e0 Reda\u00e7\u00e3o do Portal Cariri em A\u00e7\u00e3o pelo WhatsApp (83) 9 9634.5791, (83) 9 9601-1162.<\/strong><\/p>\n","protected":false},"excerpt":{"rendered":"<p>No ver\u00e3o, uma das doen\u00e7as que tem aumento no n\u00famero de casos \u00e9 a conjuntivite, infec\u00e7\u00e3o que aparece na conjuntiva, a membrana que recobre a&hellip; <\/p>\n","protected":false},"author":2,"featured_media":38975,"comment_status":"closed","ping_status":"closed","sticky":false,"template":"","format":"standard","meta":{"sfsi_plus_gutenberg_text_before_share":"","sfsi_plus_gutenberg_show_text_before_share":"","sfsi_plus_gutenberg_icon_type":"","sfsi_plus_gutenberg_icon_alignemt":"","sfsi_plus_gutenburg_max_per_row":"","footnotes":""},"categories":[16],"tags":[],"class_list":["post-38974","post","type-post","status-publish","format-standard","has-post-thumbnail","hentry","category-saude"],"_links":{"self":[{"href":"https:\/\/www.caririemacao.com\/1\/wp-json\/wp\/v2\/posts\/38974","targetHints":{"allow":["GET"]}}],"collection":[{"href":"https:\/\/www.caririemacao.com\/1\/wp-json\/wp\/v2\/posts"}],"about":[{"href":"https:\/\/www.caririemacao.com\/1\/wp-json\/wp\/v2\/types\/post"}],"author":[{"embeddable":true,"href":"https:\/\/www.caririemacao.com\/1\/wp-json\/wp\/v2\/users\/2"}],"replies":[{"embeddable":true,"href":"https:\/\/www.caririemacao.com\/1\/wp-json\/wp\/v2\/comments?post=38974"}],"version-history":[{"count":0,"href":"https:\/\/www.caririemacao.com\/1\/wp-json\/wp\/v2\/posts\/38974\/revisions"}],"wp:featuredmedia":[{"embeddable":true,"href":"https:\/\/www.caririemacao.com\/1\/wp-json\/wp\/v2\/media\/38975"}],"wp:attachment":[{"href":"https:\/\/www.caririemacao.com\/1\/wp-json\/wp\/v2\/media?parent=38974"}],"wp:term":[{"taxonomy":"category","embeddable":true,"href":"https:\/\/www.caririemacao.com\/1\/wp-json\/wp\/v2\/categories?post=38974"},{"taxonomy":"post_tag","embeddable":true,"href":"https:\/\/www.caririemacao.com\/1\/wp-json\/wp\/v2\/tags?post=38974"}],"curies":[{"name":"wp","href":"https:\/\/api.w.org\/{rel}","templated":true}]}}