{"id":38980,"date":"2018-01-28T09:22:30","date_gmt":"2018-01-28T12:22:30","guid":{"rendered":"http:\/\/caririemacao.com\/1\/?p=38980"},"modified":"2018-01-28T09:22:30","modified_gmt":"2018-01-28T12:22:30","slug":"senador-lira-escolheu-um-lado-ele-quer-unidade-das-oposicoes-em-torno-de-uma-chapa-unica-e-ser-candidato-a-reeleicao","status":"publish","type":"post","link":"https:\/\/www.caririemacao.com\/1\/2018\/01\/28\/senador-lira-escolheu-um-lado-ele-quer-unidade-das-oposicoes-em-torno-de-uma-chapa-unica-e-ser-candidato-a-reeleicao\/","title":{"rendered":"Senador Lira escolheu um lado: Ele quer unidade das oposi\u00e7\u00f5es em torno de uma chapa \u00fanica e ser candidato a reeleic\u00e3o"},"content":{"rendered":"<p>A ESCOLHA DE LIRA<\/p>\n<p>O l\u00edder do MDB no Senado Federal, Raimundo Lira saiu de encontro com o prefeito Luciano Cartaxo e com o vice, Manoel Junior, declarando que defende a unidade das oposi\u00e7\u00f5es em torno de uma chapa \u00fanica, e mais, que quer ser candidato \u00e0 reelei\u00e7\u00e3o pelo bloco.<\/p>\n<p>Ainda que Lira n\u00e3o fosse l\u00edder da maior bancada no Senado, sua declara\u00e7\u00e3o teria peso por se tratar de pol\u00edtico oriundo do meio empresarial, de \u00eaxito inquestion\u00e1vel, estando, portanto, acostumado a tomar decis\u00f5es com base em fundamentos s\u00f3lidos e n\u00e3o em achismo.<\/p>\n<p>Significa que Lira, cujo mandato estar\u00e1 em quest\u00e3o nesta elei\u00e7\u00e3o, j\u00e1 tem informa\u00e7\u00f5es suficientes para tomar uma decis\u00e3o que pode garantir seu sucesso nas urnas.<\/p>\n<p>Tem relev\u00e2ncia tamb\u00e9m porque vinha transitando livremente nas hostes governistas, defendendo pleitos do governo de Ricardo Coutinho em Bras\u00edlia, tendo atuado inclusive para liberar recursos para obras e empr\u00e9stimos emperrados h\u00e1 anos.<\/p>\n<p>Por enquanto, a posi\u00e7\u00e3o de Lira n\u00e3o confronta a do senador Jos\u00e9 Maranh\u00e3o, pr\u00e9-candidato a governador. Embora o gesto de visitar Luciano seja significativo, o senador declarou apoio \u00e0 tese da unidade, o que significa a escolha de um lado, mas ainda n\u00e3o de um nome.<\/p>\n<p>Como \u00e9 estrat\u00e9gico, d\u00e1 um passo de cada vez. O pr\u00f3ximo com certeza envolver\u00e1 Maranh\u00e3o, que embora reafirme sua candidatura, n\u00e3o descarta sentar na mesa da oposi\u00e7\u00e3o. E como tem mandato de senador at\u00e9 31 de janeiro de 2023, n\u00e3o est\u00e1 obrigado a concorrer neste 2018.<\/p>\n<p>Qualquer que seja a decis\u00e3o do MDB, com certeza considerar\u00e1 ainda os interesses dos que v\u00e3o disputar mandatos na Assembleia e C\u00e2mara Federal, bem como as novas regras para campanhas, o humor do eleitorado e especialmente o cen\u00e1rio paraibano.<\/p>\n<p>Faltam apenas 70 dias para o fim do prazo de desincompatibiliza\u00e7\u00e3o dos gestores que ser\u00e3o candidatos, para sabermos, por exemplo, se o governador Ricardo Coutinho renunciar\u00e1 para disputar vaga no Senado, compondo chapa com Jo\u00e3o Azevedo.<\/p>\n<p>Com o movimento que fez, Lira evita decidir a reboque de Ricardo, que tudo indica, ser\u00e1 seu advers\u00e1rio.<\/p>\n<p><strong>CARIRI EM A\u00c7\u00c3O<\/strong><\/p>\n<p><em>Com Correiodaparaiba\/Foto: Divulga\u00e7\u00e3o<\/em><\/p>\n<p><strong>Leia mais not\u00edcias em\u00a0<\/strong><a href=\"http:\/\/www.caririemacao.com\/\"><strong>caririemacao.com<\/strong><\/a><strong>, siga nossa p\u00e1gina no\u00a0<\/strong><a href=\"https:\/\/www.facebook.com\/CaririEmAcao\/?ref=aymt_homepage_panel\"><strong>Facebook<\/strong><\/a>,<strong>\u00a0<\/strong><a href=\"https:\/\/www.instagram.com\/cariri_em_acao\/?hl=pt-br\"><strong>Instagram<\/strong><\/a><strong>\u00a0e\u00a0<\/strong><a href=\"https:\/\/www.youtube.com\/channel\/UCAptA0jQuYQy8vMhLt2m4qg\"><strong>Youtube<\/strong><\/a><strong>\u00a0e veja nossas mat\u00e9rias, v\u00eddeos e fotos. Voc\u00ea tamb\u00e9m pode enviar informa\u00e7\u00f5es \u00e0 Reda\u00e7\u00e3o do Portal Cariri em A\u00e7\u00e3o pelo WhatsApp (83) 9 9634.5791, (83) 9 9601-1162.<\/strong><\/p>\n","protected":false},"excerpt":{"rendered":"<p>A ESCOLHA DE LIRA O l\u00edder do MDB no Senado Federal, Raimundo Lira saiu de encontro com o prefeito Luciano Cartaxo e com o vice,&hellip; <\/p>\n","protected":false},"author":2,"featured_media":38981,"comment_status":"closed","ping_status":"closed","sticky":false,"template":"","format":"standard","meta":{"sfsi_plus_gutenberg_text_before_share":"","sfsi_plus_gutenberg_show_text_before_share":"","sfsi_plus_gutenberg_icon_type":"","sfsi_plus_gutenberg_icon_alignemt":"","sfsi_plus_gutenburg_max_per_row":"","footnotes":""},"categories":[1],"tags":[],"class_list":["post-38980","post","type-post","status-publish","format-standard","has-post-thumbnail","hentry","category-o-site"],"_links":{"self":[{"href":"https:\/\/www.caririemacao.com\/1\/wp-json\/wp\/v2\/posts\/38980","targetHints":{"allow":["GET"]}}],"collection":[{"href":"https:\/\/www.caririemacao.com\/1\/wp-json\/wp\/v2\/posts"}],"about":[{"href":"https:\/\/www.caririemacao.com\/1\/wp-json\/wp\/v2\/types\/post"}],"author":[{"embeddable":true,"href":"https:\/\/www.caririemacao.com\/1\/wp-json\/wp\/v2\/users\/2"}],"replies":[{"embeddable":true,"href":"https:\/\/www.caririemacao.com\/1\/wp-json\/wp\/v2\/comments?post=38980"}],"version-history":[{"count":0,"href":"https:\/\/www.caririemacao.com\/1\/wp-json\/wp\/v2\/posts\/38980\/revisions"}],"wp:featuredmedia":[{"embeddable":true,"href":"https:\/\/www.caririemacao.com\/1\/wp-json\/wp\/v2\/media\/38981"}],"wp:attachment":[{"href":"https:\/\/www.caririemacao.com\/1\/wp-json\/wp\/v2\/media?parent=38980"}],"wp:term":[{"taxonomy":"category","embeddable":true,"href":"https:\/\/www.caririemacao.com\/1\/wp-json\/wp\/v2\/categories?post=38980"},{"taxonomy":"post_tag","embeddable":true,"href":"https:\/\/www.caririemacao.com\/1\/wp-json\/wp\/v2\/tags?post=38980"}],"curies":[{"name":"wp","href":"https:\/\/api.w.org\/{rel}","templated":true}]}}