{"id":38983,"date":"2018-01-28T09:29:03","date_gmt":"2018-01-28T12:29:03","guid":{"rendered":"http:\/\/caririemacao.com\/1\/?p=38983"},"modified":"2018-01-28T09:32:13","modified_gmt":"2018-01-28T12:32:13","slug":"advogado-inacio-queiroz-destrincha-proximo-passo-da-defesa-de-lula","status":"publish","type":"post","link":"https:\/\/www.caririemacao.com\/1\/2018\/01\/28\/advogado-inacio-queiroz-destrincha-proximo-passo-da-defesa-de-lula\/","title":{"rendered":"Advogado In\u00e1cio Queiroz destrincha pr\u00f3ximo passo da defesa de Lula"},"content":{"rendered":"<p>Como o TRF 4 decidiu \u00e0 unanimidade majorar a pena de Lula, (afastando a possibilidade dos Embargos Infringentes), a defesa de Lula ter\u00e1 dois dias (prazo legal) ap\u00f3s a publica\u00e7\u00e3o do Ac\u00f3rd\u00e3o para interpor embargo de declara\u00e7\u00e3o, em seguida expede-se a guia de execu\u00e7\u00e3o provis\u00f3ria da pena, determinado a pris\u00e3o do Ex Presidente, Lula. O QUE A DEFESA TER\u00c1 QUE FAZER?<\/p>\n<p>Pois bem! Dessa Decis\u00e3o, a defesa poder\u00e1 interpor recurso especial (STJ) E\/ou recurso extraordin\u00e1rio (STF) por\u00e9m esses recurso por sua natureza n\u00e3o t\u00eam o cond\u00e3o de suspender os efeitos da Decis\u00e3o (sobre a pris\u00e3o provis\u00f3ria), ent\u00e3o a defesa poder\u00e1 impetrar um HABEAS CORPUS para o STJ requerendo em liminar a possibilidade de Recorrer em liberdade, MAS, j\u00e1 h\u00e1 um Ministro prevento, FELIX FISCHER que \u00e9 a favor da execu\u00e7\u00e3o provis\u00f3ria, ou seja, n\u00e3o concederia a liminar, em car\u00e1ter de urg\u00eancia, dessa Decis\u00e3o do STJ, a defesa poder\u00e1 impetrar um novo HABEAS CORPUS nessa oportunidade para o STF (ferindo a sumula 691), em alguns casos, quando os Ministros entendem que a Decis\u00e3o combatida \u00e9 teratol\u00f3gico aceitam esse HC e o julgam, por\u00e9m, h\u00e1, tamb\u00e9m um Ministro prevento no STF que \u00e9 FACHIN, e tem o entendimento tamb\u00e9m favor\u00e1vel \u00e0 execu\u00e7\u00e3o provis\u00f3ria da pena, ou seja, n\u00e3o ir\u00e1 conceder a liminar, dessas Decis\u00f5es do Tribunais Superiores, Ainda cabem AGRAVO REGIMENTAL, mas que demoraria muito tempo para a conclus\u00e3o e at\u00e9 o seu julgamento Lula j\u00e1 estaria preso.<\/p>\n<p><strong>CARIRI EM A\u00c7\u00c3O<\/strong><\/p>\n<p><em>Com Pol\u00eamica Para\u00edba\/Foto:\u00a0Pol\u00eamica Para\u00edba<\/em><\/p>\n<p><strong>Leia mais not\u00edcias em\u00a0<\/strong><a href=\"http:\/\/www.caririemacao.com\/\"><strong>caririemacao.com<\/strong><\/a><strong>, siga nossa p\u00e1gina no\u00a0<\/strong><a href=\"https:\/\/www.facebook.com\/CaririEmAcao\/?ref=aymt_homepage_panel\"><strong>Facebook<\/strong><\/a>,<strong>\u00a0<\/strong><a href=\"https:\/\/www.instagram.com\/cariri_em_acao\/?hl=pt-br\"><strong>Instagram<\/strong><\/a><strong>\u00a0e\u00a0<\/strong><a href=\"https:\/\/www.youtube.com\/channel\/UCAptA0jQuYQy8vMhLt2m4qg\"><strong>Youtube<\/strong><\/a><strong>\u00a0e veja nossas mat\u00e9rias, v\u00eddeos e fotos. Voc\u00ea tamb\u00e9m pode enviar informa\u00e7\u00f5es \u00e0 Reda\u00e7\u00e3o do Portal Cariri em A\u00e7\u00e3o pelo WhatsApp (83) 9 9634.5791, (83) 9 9601-1162.<\/strong><\/p>\n","protected":false},"excerpt":{"rendered":"<p>Como o TRF 4 decidiu \u00e0 unanimidade majorar a pena de Lula, (afastando a possibilidade dos Embargos Infringentes), a defesa de Lula ter\u00e1 dois dias&hellip; <\/p>\n","protected":false},"author":2,"featured_media":38986,"comment_status":"closed","ping_status":"closed","sticky":false,"template":"","format":"standard","meta":{"sfsi_plus_gutenberg_text_before_share":"","sfsi_plus_gutenberg_show_text_before_share":"","sfsi_plus_gutenberg_icon_type":"","sfsi_plus_gutenberg_icon_alignemt":"","sfsi_plus_gutenburg_max_per_row":"","footnotes":""},"categories":[11],"tags":[],"class_list":["post-38983","post","type-post","status-publish","format-standard","has-post-thumbnail","hentry","category-politica"],"_links":{"self":[{"href":"https:\/\/www.caririemacao.com\/1\/wp-json\/wp\/v2\/posts\/38983","targetHints":{"allow":["GET"]}}],"collection":[{"href":"https:\/\/www.caririemacao.com\/1\/wp-json\/wp\/v2\/posts"}],"about":[{"href":"https:\/\/www.caririemacao.com\/1\/wp-json\/wp\/v2\/types\/post"}],"author":[{"embeddable":true,"href":"https:\/\/www.caririemacao.com\/1\/wp-json\/wp\/v2\/users\/2"}],"replies":[{"embeddable":true,"href":"https:\/\/www.caririemacao.com\/1\/wp-json\/wp\/v2\/comments?post=38983"}],"version-history":[{"count":0,"href":"https:\/\/www.caririemacao.com\/1\/wp-json\/wp\/v2\/posts\/38983\/revisions"}],"wp:featuredmedia":[{"embeddable":true,"href":"https:\/\/www.caririemacao.com\/1\/wp-json\/wp\/v2\/media\/38986"}],"wp:attachment":[{"href":"https:\/\/www.caririemacao.com\/1\/wp-json\/wp\/v2\/media?parent=38983"}],"wp:term":[{"taxonomy":"category","embeddable":true,"href":"https:\/\/www.caririemacao.com\/1\/wp-json\/wp\/v2\/categories?post=38983"},{"taxonomy":"post_tag","embeddable":true,"href":"https:\/\/www.caririemacao.com\/1\/wp-json\/wp\/v2\/tags?post=38983"}],"curies":[{"name":"wp","href":"https:\/\/api.w.org\/{rel}","templated":true}]}}