{"id":38987,"date":"2018-01-28T09:41:02","date_gmt":"2018-01-28T12:41:02","guid":{"rendered":"http:\/\/caririemacao.com\/1\/?p=38987"},"modified":"2018-01-28T09:41:02","modified_gmt":"2018-01-28T12:41:02","slug":"criminosos-fazem-funcionarios-e-clientes-refens-em-assalto-a-posto","status":"publish","type":"post","link":"https:\/\/www.caririemacao.com\/1\/2018\/01\/28\/criminosos-fazem-funcionarios-e-clientes-refens-em-assalto-a-posto\/","title":{"rendered":"Criminosos fazem funcion\u00e1rios e clientes ref\u00e9ns em assalto a posto"},"content":{"rendered":"<p>O posto de combust\u00edvel S\u00e3o Jos\u00e9, em Cabaceiras, no Cariri, foi assaltado na manh\u00e3 deste domingo (28), por volta das 6h por dois homens armados, que fizeram funcion\u00e1rios e clientes ref\u00e9ns..<\/p>\n<p>Um dos ref\u00e9ns, que n\u00e3o quis de identificar, explicou que os assaltantes ordenaram que todos se deitassem no ch\u00e3o e levaram a frentista como ref\u00e9m por alguns instantes.<\/p>\n<p>Os criminosos levaram celulares das v\u00edtimas, a moto do vigilante e uma\u00a0 quantia em dinheiro n\u00e3o revelada pelo posto. No local os bandidos deixaram uma outra moto.<\/p>\n<p>Por volta das 8h30, os celulares da v\u00edtima e a moto do vigilante foram encontrados abandonados nas proximidades da cidade.<\/p>\n<p>Moradores da cidade reclamam da falta de policiamento e aumento nos casos de viol\u00eancia na cidade.\u00a0At\u00e9 o fechamento desta mat\u00e9ria os suspeitos n\u00e3o haviam sido identificados e os moradores aguardavam a presen\u00e7a da pol\u00edcia no local.<\/p>\n<p><strong>CARIRI EM A\u00c7\u00c3O<\/strong><\/p>\n<p><em>Com MaisPB\/Foto:\u00a0 Reprodu\u00e7\u00e3o google<\/em><\/p>\n<p><strong>Leia mais not\u00edcias em\u00a0<\/strong><a href=\"http:\/\/www.caririemacao.com\/\"><strong>caririemacao.com<\/strong><\/a><strong>, siga nossa p\u00e1gina no\u00a0<\/strong><a href=\"https:\/\/www.facebook.com\/CaririEmAcao\/?ref=aymt_homepage_panel\"><strong>Facebook<\/strong><\/a>,<strong>\u00a0<\/strong><a href=\"https:\/\/www.instagram.com\/cariri_em_acao\/?hl=pt-br\"><strong>Instagram<\/strong><\/a><strong>\u00a0e\u00a0<\/strong><a href=\"https:\/\/www.youtube.com\/channel\/UCAptA0jQuYQy8vMhLt2m4qg\"><strong>Youtube<\/strong><\/a><strong>\u00a0e veja nossas mat\u00e9rias, v\u00eddeos e fotos. Voc\u00ea tamb\u00e9m pode enviar informa\u00e7\u00f5es \u00e0 Reda\u00e7\u00e3o do Portal Cariri em A\u00e7\u00e3o pelo WhatsApp (83) 9 9634.5791, (83) 9 9601-1162.<\/strong><\/p>\n","protected":false},"excerpt":{"rendered":"<p>O posto de combust\u00edvel S\u00e3o Jos\u00e9, em Cabaceiras, no Cariri, foi assaltado na manh\u00e3 deste domingo (28), por volta das 6h por dois homens armados,&hellip; <\/p>\n","protected":false},"author":2,"featured_media":37820,"comment_status":"closed","ping_status":"closed","sticky":false,"template":"","format":"standard","meta":{"sfsi_plus_gutenberg_text_before_share":"","sfsi_plus_gutenberg_show_text_before_share":"","sfsi_plus_gutenberg_icon_type":"","sfsi_plus_gutenberg_icon_alignemt":"","sfsi_plus_gutenburg_max_per_row":"","footnotes":""},"categories":[12],"tags":[],"class_list":["post-38987","post","type-post","status-publish","format-standard","has-post-thumbnail","hentry","category-policia"],"_links":{"self":[{"href":"https:\/\/www.caririemacao.com\/1\/wp-json\/wp\/v2\/posts\/38987","targetHints":{"allow":["GET"]}}],"collection":[{"href":"https:\/\/www.caririemacao.com\/1\/wp-json\/wp\/v2\/posts"}],"about":[{"href":"https:\/\/www.caririemacao.com\/1\/wp-json\/wp\/v2\/types\/post"}],"author":[{"embeddable":true,"href":"https:\/\/www.caririemacao.com\/1\/wp-json\/wp\/v2\/users\/2"}],"replies":[{"embeddable":true,"href":"https:\/\/www.caririemacao.com\/1\/wp-json\/wp\/v2\/comments?post=38987"}],"version-history":[{"count":0,"href":"https:\/\/www.caririemacao.com\/1\/wp-json\/wp\/v2\/posts\/38987\/revisions"}],"wp:featuredmedia":[{"embeddable":true,"href":"https:\/\/www.caririemacao.com\/1\/wp-json\/wp\/v2\/media\/37820"}],"wp:attachment":[{"href":"https:\/\/www.caririemacao.com\/1\/wp-json\/wp\/v2\/media?parent=38987"}],"wp:term":[{"taxonomy":"category","embeddable":true,"href":"https:\/\/www.caririemacao.com\/1\/wp-json\/wp\/v2\/categories?post=38987"},{"taxonomy":"post_tag","embeddable":true,"href":"https:\/\/www.caririemacao.com\/1\/wp-json\/wp\/v2\/tags?post=38987"}],"curies":[{"name":"wp","href":"https:\/\/api.w.org\/{rel}","templated":true}]}}