{"id":38995,"date":"2018-01-28T10:01:49","date_gmt":"2018-01-28T13:01:49","guid":{"rendered":"http:\/\/caririemacao.com\/1\/?p=38995"},"modified":"2018-01-28T10:01:49","modified_gmt":"2018-01-28T13:01:49","slug":"prefeituras-da-paraiba-vao-receber-mais-de-r-104-milhoes-da-3a-cota-do-fpm","status":"publish","type":"post","link":"https:\/\/www.caririemacao.com\/1\/2018\/01\/28\/prefeituras-da-paraiba-vao-receber-mais-de-r-104-milhoes-da-3a-cota-do-fpm\/","title":{"rendered":"Prefeituras da Para\u00edba v\u00e3o receber mais de R$ 104 milh\u00f5es da 3\u00aa cota do FPM"},"content":{"rendered":"<p>As prefeituras da Para\u00edba v\u00e3o receber, na pr\u00f3xima ter\u00e7a-feira (30), o terceiro e \u00faltimo repasse do Fundo de Participa\u00e7\u00e3o dos Munic\u00edpios (FPM), relativo ao m\u00eas de janeiro . O montante bruto ser\u00e1 R$ 104,3 milh\u00f5es, totalizando no m\u00eas R$ 254 milh\u00f5es. O repasse ser\u00e1 feito pelo governo federal.<\/p>\n<p>A capital Jo\u00e3o Pessoa perceber\u00e1, na ter\u00e7a-feira, mais de R$ 11,4 milh\u00f5es brutos, enquanto Campina Grande contar\u00e1 com um refor\u00e7o or\u00e7ament\u00e1rio de R$ 3,1 milh\u00f5es e Santa Rita, R$ 1,1 milh\u00e3o. Patos embolsar\u00e1 R$ 1,5 milh\u00e3o e Bayeux R$ 1,4 milh\u00e3o. Sousa, Cabedelo e Cajazeiras embolsar\u00e3o o mesmo valor: R$ 1,1 milh\u00e3o.<\/p>\n<p>Em rela\u00e7\u00e3o aos 135 munic\u00edpios menos populosos da Para\u00edba, cada prefeitura perceber\u00e1 R$ 248 mil. Entre eles, est\u00e3o Alcantil, Aparecida, Boa Vista, Cabaceiras, Caldas Brand\u00e3o, Cubati, Junco do Serid\u00f3, Marca\u00e7\u00e3o, Mataraca, Mariz\u00f3polis, Nova Palmeira, Riach\u00e3o, S\u00e3o Mamede, Serraria, Sobrado e Zabel\u00ea.<\/p>\n<h4>Baixo crescimento<\/h4>\n<p>A equipe de estudos t\u00e9cnicos da Confedera\u00e7\u00e3o Nacional de Munic\u00edpios (CNM) fez uma an\u00e1lise dos valores relativos ao terceiro dec\u00eandio de 2017. Segundo os dados, o FPM apresentou uma redu\u00e7\u00e3o de -0,87% em termos nominais, ou seja, sem considerar os efeitos da infla\u00e7\u00e3o. Se considerada, a queda do FPM vai para -3,34%.<\/p>\n<p>Juntos, os tr\u00eas repasses do Fundo em janeiro deste ano somaram R$ 8,079 bilh\u00f5es, frente aos R$ 7,618 bilh\u00f5es de 2017. O aumento foi de 6,05% nominal. Quando incorporada aos c\u00e1lculos, a infla\u00e7\u00e3o puxa o percentual para baixo, totalizando 3,4% de crescimento no per\u00edodo.<\/p>\n<p>Mesmo com a queda do terceiro dec\u00eandio, a CNM lembra que os primeiros repasses de 2018 foram maiores do que no ano anterior. Para a entidade \u00e9 um sinal positivo, pois demonstra um esbo\u00e7o de melhora na arrecada\u00e7\u00e3o do pa\u00eds.<\/p>\n<h4>Previs\u00f5es<\/h4>\n<p>Estimativas da Secretaria do Tesouro Nacional (STN) apontavam para um crescimento de 2,05% em janeiro. Por\u00e9m, o crescimento observado foi de 6,05%. Em seu \u00faltimo comunicado, a STN publicou a expectativa para o FPM de fevereiro. Segundo o \u00f3rg\u00e3o, deve haver um aumento de 24%, em compara\u00e7\u00e3o aos repasses do m\u00eas anterior e 3,9% com rela\u00e7\u00e3o ao mesmo per\u00edodo de 2017.<\/p>\n<p>J\u00e1 para o m\u00eas de mar\u00e7o \u00e9 esperado um crescimento de 5,9% em rela\u00e7\u00e3o a mar\u00e7o do ano passado. Mesmo com boas expectativas divulgadas pela STN, a Confedera\u00e7\u00e3o mant\u00e9m o pedido de cautela aos gestores municipais. Historicamente, os recursos do FPM do primeiro semestre sempre s\u00e3o maiores, o que requer um planejamento estrat\u00e9gico para n\u00e3o se ter surpresas negativas no segundo semestre.<\/p>\n<p><strong>CARIRI EM A\u00c7\u00c3O<\/strong><\/p>\n<p><em>Com JornaldaParaiba\/Foto: Divulga\u00e7\u00e3o<\/em><\/p>\n<p><strong>Leia mais not\u00edcias em\u00a0<\/strong><a href=\"http:\/\/www.caririemacao.com\/\"><strong>caririemacao.com<\/strong><\/a><strong>, siga nossa p\u00e1gina no\u00a0<\/strong><a href=\"https:\/\/www.facebook.com\/CaririEmAcao\/?ref=aymt_homepage_panel\"><strong>Facebook<\/strong><\/a>,<strong>\u00a0<\/strong><a href=\"https:\/\/www.instagram.com\/cariri_em_acao\/?hl=pt-br\"><strong>Instagram<\/strong><\/a><strong>\u00a0e\u00a0<\/strong><a href=\"https:\/\/www.youtube.com\/channel\/UCAptA0jQuYQy8vMhLt2m4qg\"><strong>Youtube<\/strong><\/a><strong>\u00a0e veja nossas mat\u00e9rias, v\u00eddeos e fotos. Voc\u00ea tamb\u00e9m pode enviar informa\u00e7\u00f5es \u00e0 Reda\u00e7\u00e3o do Portal Cariri em A\u00e7\u00e3o pelo WhatsApp (83) 9 9634.5791, (83) 9 9601-1162.<\/strong><\/p>\n","protected":false},"excerpt":{"rendered":"<p>As prefeituras da Para\u00edba v\u00e3o receber, na pr\u00f3xima ter\u00e7a-feira (30), o terceiro e \u00faltimo repasse do Fundo de Participa\u00e7\u00e3o dos Munic\u00edpios (FPM), relativo ao m\u00eas&hellip; <\/p>\n","protected":false},"author":2,"featured_media":38042,"comment_status":"closed","ping_status":"closed","sticky":false,"template":"","format":"standard","meta":{"sfsi_plus_gutenberg_text_before_share":"","sfsi_plus_gutenberg_show_text_before_share":"","sfsi_plus_gutenberg_icon_type":"","sfsi_plus_gutenberg_icon_alignemt":"","sfsi_plus_gutenburg_max_per_row":"","footnotes":""},"categories":[2],"tags":[],"class_list":["post-38995","post","type-post","status-publish","format-standard","has-post-thumbnail","hentry","category-geral"],"_links":{"self":[{"href":"https:\/\/www.caririemacao.com\/1\/wp-json\/wp\/v2\/posts\/38995","targetHints":{"allow":["GET"]}}],"collection":[{"href":"https:\/\/www.caririemacao.com\/1\/wp-json\/wp\/v2\/posts"}],"about":[{"href":"https:\/\/www.caririemacao.com\/1\/wp-json\/wp\/v2\/types\/post"}],"author":[{"embeddable":true,"href":"https:\/\/www.caririemacao.com\/1\/wp-json\/wp\/v2\/users\/2"}],"replies":[{"embeddable":true,"href":"https:\/\/www.caririemacao.com\/1\/wp-json\/wp\/v2\/comments?post=38995"}],"version-history":[{"count":0,"href":"https:\/\/www.caririemacao.com\/1\/wp-json\/wp\/v2\/posts\/38995\/revisions"}],"wp:featuredmedia":[{"embeddable":true,"href":"https:\/\/www.caririemacao.com\/1\/wp-json\/wp\/v2\/media\/38042"}],"wp:attachment":[{"href":"https:\/\/www.caririemacao.com\/1\/wp-json\/wp\/v2\/media?parent=38995"}],"wp:term":[{"taxonomy":"category","embeddable":true,"href":"https:\/\/www.caririemacao.com\/1\/wp-json\/wp\/v2\/categories?post=38995"},{"taxonomy":"post_tag","embeddable":true,"href":"https:\/\/www.caririemacao.com\/1\/wp-json\/wp\/v2\/tags?post=38995"}],"curies":[{"name":"wp","href":"https:\/\/api.w.org\/{rel}","templated":true}]}}