{"id":39149,"date":"2018-01-30T07:16:29","date_gmt":"2018-01-30T10:16:29","guid":{"rendered":"http:\/\/caririemacao.com\/1\/?p=39149"},"modified":"2018-01-30T07:16:29","modified_gmt":"2018-01-30T10:16:29","slug":"conselho-da-petrobras-elege-dois-novos-diretores-executivos","status":"publish","type":"post","link":"https:\/\/www.caririemacao.com\/1\/2018\/01\/30\/conselho-da-petrobras-elege-dois-novos-diretores-executivos\/","title":{"rendered":"Conselho da Petrobras elege dois novos diretores executivos"},"content":{"rendered":"<p>O Conselho de Administra\u00e7\u00e3o da Petrobras elegeu na segunda-feira (29) os engenheiros Eberaldo de Almeida Neto para o cargo de diretor executivo de Assuntos Corporativos e Hugo Repsold J\u00fanior para o cargo de diretor executivo de Desenvolvimento da Produ\u00e7\u00e3o &amp; Tecnologia.<\/p>\n<p>Neto trabalha h\u00e1 31 anos na Petrobras e j\u00e1 passou por diversas posi\u00e7\u00f5es gerenciais nas \u00e1reas de Explora\u00e7\u00e3o e Produ\u00e7\u00e3o e de Servi\u00e7os Submarinos e de Contrata\u00e7\u00e3o. Desde abril de 2016, era gerente executivo de Suprimento de Bens e Servi\u00e7os da estatal. Ele \u00e9 formado em Engenharia El\u00e9trica pela Universidade Federal do Rio de Janeiro (UFRJ), tem MBA em Gest\u00e3o Avan\u00e7ada Empresarial pelo Instituto de P\u00f3s-Gradua\u00e7\u00e3o e Pesquisa em Administra\u00e7\u00e3o da Universidade Federal do Rio de Janeiro (Coppead) e cursou o Advanced Management Program pela IESE Business School da Universidade de Navarra, na Espanha.<\/p>\n<p>Hugo Repsold J\u00fanior era diretor executivo de Assuntos Corporativos desde 2016 e em novembro do ano passado passou a acumular, interinamente, o cargo de diretor executivo de Desenvolvimento da Produ\u00e7\u00e3o &amp; Tecnologia, que assumiu hoje em definitivo.<\/p>\n<p>O diretor \u00e9 formado em Engenharia Mec\u00e2nica pela Universidade Federal Fluminense (UFF), em economia pela Universidade do Estado do Rio de Janeiro (Uerj) e mestre em Planejamento Energ\u00e9tico pela Universidade Federal do Rio de Janeiro (Coppe\/UFRJ). Repsold trabalha h\u00e1 32 anos na Petrobras, j\u00e1 ocupou foi diretor de G\u00e1s e Energia, al\u00e9m de ocupar diversas posi\u00e7\u00f5es gerenciais nas \u00e1reas de Explora\u00e7\u00e3o e Produ\u00e7\u00e3o, Estrat\u00e9gia e Desempenho Empresarial e G\u00e1s e Energia.<\/p>\n<p>De acordo com a companhia, os nomes dos executivos passaram por an\u00e1lise pr\u00e9via do Comit\u00ea de Indica\u00e7\u00e3o, Remunera\u00e7\u00e3o e Sucess\u00e3o do Conselho de Administra\u00e7\u00e3o da Petrobras.<\/p>\n<p><strong>CARIRI EM A\u00c7\u00c3O<\/strong><\/p>\n<p><em>Com Ag\u00eancia Brasil<\/em><em>\/Foto: Reprodu\u00e7\u00e3o google<\/em><\/p>\n<p><strong>Leia mais not\u00edcias em\u00a0<\/strong><a href=\"http:\/\/www.caririemacao.com\/\"><strong>caririemacao.com<\/strong><\/a><strong>, siga nossa p\u00e1gina no\u00a0<\/strong><a href=\"https:\/\/www.facebook.com\/CaririEmAcao\/?ref=aymt_homepage_panel\"><strong>Facebook<\/strong><\/a>,<strong>\u00a0<\/strong><a href=\"https:\/\/www.instagram.com\/cariri_em_acao\/?hl=pt-br\"><strong>Instagram<\/strong><\/a><strong>\u00a0e\u00a0<\/strong><a href=\"https:\/\/www.youtube.com\/channel\/UCAptA0jQuYQy8vMhLt2m4qg\"><strong>Youtube<\/strong><\/a><strong>\u00a0e veja nossas mat\u00e9rias, v\u00eddeos e fotos. Voc\u00ea tamb\u00e9m pode enviar informa\u00e7\u00f5es \u00e0 Reda\u00e7\u00e3o do Portal Cariri em A\u00e7\u00e3o pelo WhatsApp (83) 9 9634.5791, (83) 9 9601-1162.<\/strong><\/p>\n","protected":false},"excerpt":{"rendered":"<p>O Conselho de Administra\u00e7\u00e3o da Petrobras elegeu na segunda-feira (29) os engenheiros Eberaldo de Almeida Neto para o cargo de diretor executivo de Assuntos Corporativos&hellip; <\/p>\n","protected":false},"author":2,"featured_media":39150,"comment_status":"closed","ping_status":"closed","sticky":false,"template":"","format":"standard","meta":{"sfsi_plus_gutenberg_text_before_share":"","sfsi_plus_gutenberg_show_text_before_share":"","sfsi_plus_gutenberg_icon_type":"","sfsi_plus_gutenberg_icon_alignemt":"","sfsi_plus_gutenburg_max_per_row":"","footnotes":""},"categories":[2],"tags":[],"class_list":["post-39149","post","type-post","status-publish","format-standard","has-post-thumbnail","hentry","category-geral"],"_links":{"self":[{"href":"https:\/\/www.caririemacao.com\/1\/wp-json\/wp\/v2\/posts\/39149","targetHints":{"allow":["GET"]}}],"collection":[{"href":"https:\/\/www.caririemacao.com\/1\/wp-json\/wp\/v2\/posts"}],"about":[{"href":"https:\/\/www.caririemacao.com\/1\/wp-json\/wp\/v2\/types\/post"}],"author":[{"embeddable":true,"href":"https:\/\/www.caririemacao.com\/1\/wp-json\/wp\/v2\/users\/2"}],"replies":[{"embeddable":true,"href":"https:\/\/www.caririemacao.com\/1\/wp-json\/wp\/v2\/comments?post=39149"}],"version-history":[{"count":0,"href":"https:\/\/www.caririemacao.com\/1\/wp-json\/wp\/v2\/posts\/39149\/revisions"}],"wp:featuredmedia":[{"embeddable":true,"href":"https:\/\/www.caririemacao.com\/1\/wp-json\/wp\/v2\/media\/39150"}],"wp:attachment":[{"href":"https:\/\/www.caririemacao.com\/1\/wp-json\/wp\/v2\/media?parent=39149"}],"wp:term":[{"taxonomy":"category","embeddable":true,"href":"https:\/\/www.caririemacao.com\/1\/wp-json\/wp\/v2\/categories?post=39149"},{"taxonomy":"post_tag","embeddable":true,"href":"https:\/\/www.caririemacao.com\/1\/wp-json\/wp\/v2\/tags?post=39149"}],"curies":[{"name":"wp","href":"https:\/\/api.w.org\/{rel}","templated":true}]}}