{"id":39152,"date":"2018-01-30T07:20:42","date_gmt":"2018-01-30T10:20:42","guid":{"rendered":"http:\/\/caririemacao.com\/1\/?p=39152"},"modified":"2018-01-30T07:20:42","modified_gmt":"2018-01-30T10:20:42","slug":"ipva-com-desconto-de-10-para-placa-final-1-termina-nesta-quarta","status":"publish","type":"post","link":"https:\/\/www.caririemacao.com\/1\/2018\/01\/30\/ipva-com-desconto-de-10-para-placa-final-1-termina-nesta-quarta\/","title":{"rendered":"IPVA com desconto de 10% para placa final 1 termina nesta quarta"},"content":{"rendered":"<p>Para os contribuintes com ve\u00edculos de placa final 1 que v\u00e3o optar pelo pagamento na op\u00e7\u00e3o da cota \u00fanica \u00e0 vista do IPVA (Imposto Sobre a Propriedade de Ve\u00edculos Automotores), o prazo final termina nesta quarta-feira, dia 31 de janeiro.<\/p>\n<p>Contudo, os propriet\u00e1rios t\u00eam outras duas op\u00e7\u00f5es. O parcelamento em tr\u00eas vezes sem desconto, sendo a primeira com vencimento no dia 31 deste m\u00eas e a outra op\u00e7\u00e3o \u00e9 o pagamento total do IPVA apenas no dia 28 de mar\u00e7o, tamb\u00e9m sem desconto de 10%.<\/p>\n<p>A Receita Estadual lan\u00e7ou cerca de 70 mil documentos para serem emitidos com final de placa 1 de contribuintes paraibanos. O boleto do IPVA somente pode ser impresso na internet por meio do link https:\/\/www.receita.pb.gov.br\/ser\/info\/ipva ou no Detran-PB\u00a0www.detran.pb.gov.br\u00a0ou ent\u00e3o impresso nas reparti\u00e7\u00f5es fiscais e nas unidades do Detran-PB.<\/p>\n<p>Onde pagar \u2013 Al\u00e9m dos guich\u00eas das ag\u00eancias do Bradesco e dos caixas de autoatendimento, os contribuintes poder\u00e3o pagar de forma mais pr\u00e1tica no mobile banking \u2013 aplicativo do Bradesco para aparelhos m\u00f3veis como smartphones.<\/p>\n<p>Comprova\u00e7\u00e3o da Isen\u00e7\u00e3o &#8211; Os propriet\u00e1rios de ve\u00edculos de placa final 1 no Estado da Para\u00edba, que fizerem o requerimento para ter isen\u00e7\u00e3o do IPVA no ano passado, t\u00eam tamb\u00e9m at\u00e9 esta quarta-feira, dia 31 de janeiro, para realizar a comprova\u00e7\u00e3o dos documentos do requerimento em uma reparti\u00e7\u00e3o fiscal mais pr\u00f3xima do seu domic\u00edlio.<\/p>\n<p>Categorias como, por exemplo, taxistas, portadores de defici\u00eancia (f\u00edsica, visual, mental ou autista), ve\u00edculos cadastrados no Minist\u00e9rio do Turismo na qualidade de transporte tur\u00edstico; motofrentistas e de motobois at\u00e9 150 cc (cilindradas), de placa final 1, que requereram no ano passado a isen\u00e7\u00e3o do IPVA, precisam levar agora a comprova\u00e7\u00e3o de documentos para gozar do direito da isen\u00e7\u00e3o em 2018. Neste mesmo dia, essas categorias j\u00e1 podem requerer a isen\u00e7\u00e3o de 2019.<\/p>\n<p>Isen\u00e7\u00f5es em 2018 \u2013 Segundo a Receita Estadual, al\u00e9m dessas categorias, os ve\u00edculos com ano de fabrica\u00e7\u00e3o abaixo de 2003 ficar\u00e3o isentos de pagamento do IPVA em 2018. A legisla\u00e7\u00e3o em vigor assegura isen\u00e7\u00e3o do imposto para propriet\u00e1rios de carros, motos ou qualquer outro ve\u00edculo com 16 anos completos do ano de fabrica\u00e7\u00e3o. Contudo, esses ve\u00edculos n\u00e3o ficar\u00e3o isentos das demais taxas que envolvem o emplacamento, como seguro obrigat\u00f3rio (Dpvat), licenciamento do Detran e a taxa de bombeiro.<\/p>\n<p><strong>CARIRI EM A\u00c7\u00c3O<\/strong><\/p>\n<p><em>Com Wscom<\/em><em>\/Foto: Reprodu\u00e7\u00e3o google<\/em><\/p>\n<p><strong>Leia mais not\u00edcias em\u00a0<\/strong><a href=\"http:\/\/www.caririemacao.com\/\"><strong>caririemacao.com<\/strong><\/a><strong>, siga nossa p\u00e1gina no\u00a0<\/strong><a href=\"https:\/\/www.facebook.com\/CaririEmAcao\/?ref=aymt_homepage_panel\"><strong>Facebook<\/strong><\/a>,<strong>\u00a0<\/strong><a href=\"https:\/\/www.instagram.com\/cariri_em_acao\/?hl=pt-br\"><strong>Instagram<\/strong><\/a><strong>\u00a0e\u00a0<\/strong><a href=\"https:\/\/www.youtube.com\/channel\/UCAptA0jQuYQy8vMhLt2m4qg\"><strong>Youtube<\/strong><\/a><strong>\u00a0e veja nossas mat\u00e9rias, v\u00eddeos e fotos. Voc\u00ea tamb\u00e9m pode enviar informa\u00e7\u00f5es \u00e0 Reda\u00e7\u00e3o do Portal Cariri em A\u00e7\u00e3o pelo WhatsApp (83) 9 9634.5791, (83) 9 9601-1162.<\/strong><\/p>\n","protected":false},"excerpt":{"rendered":"<p>Para os contribuintes com ve\u00edculos de placa final 1 que v\u00e3o optar pelo pagamento na op\u00e7\u00e3o da cota \u00fanica \u00e0 vista do IPVA (Imposto Sobre&hellip; <\/p>\n","protected":false},"author":2,"featured_media":35104,"comment_status":"closed","ping_status":"closed","sticky":false,"template":"","format":"standard","meta":{"sfsi_plus_gutenberg_text_before_share":"","sfsi_plus_gutenberg_show_text_before_share":"","sfsi_plus_gutenberg_icon_type":"","sfsi_plus_gutenberg_icon_alignemt":"","sfsi_plus_gutenburg_max_per_row":"","footnotes":""},"categories":[2],"tags":[],"class_list":["post-39152","post","type-post","status-publish","format-standard","has-post-thumbnail","hentry","category-geral"],"_links":{"self":[{"href":"https:\/\/www.caririemacao.com\/1\/wp-json\/wp\/v2\/posts\/39152","targetHints":{"allow":["GET"]}}],"collection":[{"href":"https:\/\/www.caririemacao.com\/1\/wp-json\/wp\/v2\/posts"}],"about":[{"href":"https:\/\/www.caririemacao.com\/1\/wp-json\/wp\/v2\/types\/post"}],"author":[{"embeddable":true,"href":"https:\/\/www.caririemacao.com\/1\/wp-json\/wp\/v2\/users\/2"}],"replies":[{"embeddable":true,"href":"https:\/\/www.caririemacao.com\/1\/wp-json\/wp\/v2\/comments?post=39152"}],"version-history":[{"count":0,"href":"https:\/\/www.caririemacao.com\/1\/wp-json\/wp\/v2\/posts\/39152\/revisions"}],"wp:featuredmedia":[{"embeddable":true,"href":"https:\/\/www.caririemacao.com\/1\/wp-json\/wp\/v2\/media\/35104"}],"wp:attachment":[{"href":"https:\/\/www.caririemacao.com\/1\/wp-json\/wp\/v2\/media?parent=39152"}],"wp:term":[{"taxonomy":"category","embeddable":true,"href":"https:\/\/www.caririemacao.com\/1\/wp-json\/wp\/v2\/categories?post=39152"},{"taxonomy":"post_tag","embeddable":true,"href":"https:\/\/www.caririemacao.com\/1\/wp-json\/wp\/v2\/tags?post=39152"}],"curies":[{"name":"wp","href":"https:\/\/api.w.org\/{rel}","templated":true}]}}