{"id":39154,"date":"2018-01-30T07:25:54","date_gmt":"2018-01-30T10:25:54","guid":{"rendered":"http:\/\/caririemacao.com\/1\/?p=39154"},"modified":"2018-01-30T07:25:54","modified_gmt":"2018-01-30T10:25:54","slug":"governo-nao-tem-plano-b-e-vota-reforma-da-previdencia-em-fevereiro","status":"publish","type":"post","link":"https:\/\/www.caririemacao.com\/1\/2018\/01\/30\/governo-nao-tem-plano-b-e-vota-reforma-da-previdencia-em-fevereiro\/","title":{"rendered":"Governo n\u00e3o tem plano B e vota reforma da Previd\u00eancia em fevereiro"},"content":{"rendered":"<p>O governo n\u00e3o tem plano B e vai colocar a reforma da Previd\u00eancia em vota\u00e7\u00e3o em fevereiro, garantiu nesta segunda-feira o ministro da Secretaria de Governo, Carlos Marun, mesmo admitindo que ainda n\u00e3o existem os 308 votos necess\u00e1rios para aprovar a Proposta de Emenda \u00e0 Constitui\u00e7\u00e3o.<\/p>\n<p>Segundo Marun, o governo est\u00e1 no melhor momento para votar a reforma desde maio do ano passado, quando o processo de negocia\u00e7\u00e3o foi interrompido pelas den\u00fancias da Procuradoria-Geral da Rep\u00fablica contra o presidente Michel Temer.<\/p>\n<p>&#8220;N\u00e3o existe plano B. Nosso plano \u00e9 o A de aprova\u00e7\u00e3o da reforma ainda em fevereiro. Hoje voltamos ao patamar de votos que t\u00ednhamos em maio. O que temos diferente \u00e9 a proximidade das elei\u00e7\u00f5es, que a princ\u00edpio podia atrapalhar, mas temos um fator positivo que a popula\u00e7\u00e3o hoje se disp\u00f5e mais a apoiar a reforma. Desde maio n\u00e3o vivemos um momento t\u00e3o positivo&#8221;, garantiu.<\/p>\n<p>Marun confirma que hoje o governo n\u00e3o tem votos suficientes. A contagem do Pal\u00e1cio do Planalto \u00e9 de que existem hoje cerca de 270 votos a favor da reforma e em torno de 70 indecisos. Ainda est\u00e1 longe dos 320 votos que o governo espera ter para colocar o texto em vota\u00e7\u00e3o &#8211;308 necess\u00e1rios para aprovar, mais uma margem de seguran\u00e7a.<\/p>\n<p>O governo continua negociando e, esta semana, com a chegada dos l\u00edderes das bancadas em Bras\u00edlia, novas reuni\u00f5es devem ser realizadas para conferir n\u00fameros e demandas das bancadas em troca dos votos para a Previd\u00eancia.<\/p>\n<p>&#8220;Quem \u00e9 contra a reforma hoje \u00e9 quase assinar um atestado de irresponsabilidade. Isso nos permite ter uma seguran\u00e7a porque conhecemos o n\u00edvel de responsabilidade do nosso Parlamento&#8221;, disse Marun.<\/p>\n<p>O presidente da C\u00e2mara, Rodrigo Maia (DEM-RJ), deu declara\u00e7\u00f5es afirmando que n\u00e3o colocar\u00e1 o texto em vota\u00e7\u00e3o enquanto n\u00e3o tiver seguran\u00e7a dos n\u00fameros. Segundo Marun, ele participar\u00e1 das reuni\u00f5es com os l\u00edderes. Na pr\u00f3xima semana, o Congresso retorna ao trabalho.<\/p>\n<p>&#8220;N\u00f3s ofereceremos informa\u00e7\u00f5es ao presidente Rodrigo Maia que lhe trar\u00e3o a necess\u00e1ria seguran\u00e7a para que ele tome a decis\u00e3o correta sobre a vota\u00e7\u00e3o da reforma que, eu repito, tem que acontecer em fevereiro&#8221;, garantiu Marun.<\/p>\n<p><strong>CARIRI EM A\u00c7\u00c3O<\/strong><\/p>\n<p><em>Com Wscom<\/em><em>\/Foto:\u00a0Reprodu\u00e7\u00e3o<\/em><\/p>\n<p><strong>Leia mais not\u00edcias em\u00a0<\/strong><a href=\"http:\/\/www.caririemacao.com\/\"><strong>caririemacao.com<\/strong><\/a><strong>, siga nossa p\u00e1gina no\u00a0<\/strong><a href=\"https:\/\/www.facebook.com\/CaririEmAcao\/?ref=aymt_homepage_panel\"><strong>Facebook<\/strong><\/a>,<strong>\u00a0<\/strong><a href=\"https:\/\/www.instagram.com\/cariri_em_acao\/?hl=pt-br\"><strong>Instagram<\/strong><\/a><strong>\u00a0e\u00a0<\/strong><a href=\"https:\/\/www.youtube.com\/channel\/UCAptA0jQuYQy8vMhLt2m4qg\"><strong>Youtube<\/strong><\/a><strong>\u00a0e veja nossas mat\u00e9rias, v\u00eddeos e fotos. Voc\u00ea tamb\u00e9m pode enviar informa\u00e7\u00f5es \u00e0 Reda\u00e7\u00e3o do Portal Cariri em A\u00e7\u00e3o pelo WhatsApp (83) 9 9634.5791, (83) 9 9601-1162.<\/strong><\/p>\n","protected":false},"excerpt":{"rendered":"<p>O governo n\u00e3o tem plano B e vai colocar a reforma da Previd\u00eancia em vota\u00e7\u00e3o em fevereiro, garantiu nesta segunda-feira o ministro da Secretaria de&hellip; <\/p>\n","protected":false},"author":2,"featured_media":36194,"comment_status":"closed","ping_status":"closed","sticky":false,"template":"","format":"standard","meta":{"sfsi_plus_gutenberg_text_before_share":"","sfsi_plus_gutenberg_show_text_before_share":"","sfsi_plus_gutenberg_icon_type":"","sfsi_plus_gutenberg_icon_alignemt":"","sfsi_plus_gutenburg_max_per_row":"","footnotes":""},"categories":[11],"tags":[],"class_list":["post-39154","post","type-post","status-publish","format-standard","has-post-thumbnail","hentry","category-politica"],"_links":{"self":[{"href":"https:\/\/www.caririemacao.com\/1\/wp-json\/wp\/v2\/posts\/39154","targetHints":{"allow":["GET"]}}],"collection":[{"href":"https:\/\/www.caririemacao.com\/1\/wp-json\/wp\/v2\/posts"}],"about":[{"href":"https:\/\/www.caririemacao.com\/1\/wp-json\/wp\/v2\/types\/post"}],"author":[{"embeddable":true,"href":"https:\/\/www.caririemacao.com\/1\/wp-json\/wp\/v2\/users\/2"}],"replies":[{"embeddable":true,"href":"https:\/\/www.caririemacao.com\/1\/wp-json\/wp\/v2\/comments?post=39154"}],"version-history":[{"count":0,"href":"https:\/\/www.caririemacao.com\/1\/wp-json\/wp\/v2\/posts\/39154\/revisions"}],"wp:featuredmedia":[{"embeddable":true,"href":"https:\/\/www.caririemacao.com\/1\/wp-json\/wp\/v2\/media\/36194"}],"wp:attachment":[{"href":"https:\/\/www.caririemacao.com\/1\/wp-json\/wp\/v2\/media?parent=39154"}],"wp:term":[{"taxonomy":"category","embeddable":true,"href":"https:\/\/www.caririemacao.com\/1\/wp-json\/wp\/v2\/categories?post=39154"},{"taxonomy":"post_tag","embeddable":true,"href":"https:\/\/www.caririemacao.com\/1\/wp-json\/wp\/v2\/tags?post=39154"}],"curies":[{"name":"wp","href":"https:\/\/api.w.org\/{rel}","templated":true}]}}