{"id":39157,"date":"2018-01-30T07:30:08","date_gmt":"2018-01-30T10:30:08","guid":{"rendered":"http:\/\/caririemacao.com\/1\/?p=39157"},"modified":"2018-01-30T07:30:08","modified_gmt":"2018-01-30T10:30:08","slug":"prefeito-dalyson-neves-garante-abastecimento-de-agua-em-zabele","status":"publish","type":"post","link":"https:\/\/www.caririemacao.com\/1\/2018\/01\/30\/prefeito-dalyson-neves-garante-abastecimento-de-agua-em-zabele\/","title":{"rendered":"Prefeito Dalyson Neves garante abastecimento de \u00e1gua em Zabel\u00ea"},"content":{"rendered":"<p>Mesmo com o total colapso de \u00e1gua nos reservat\u00f3rios da cidade de Zabel\u00ea, o prefeito Dalyson Neves, garantiu o abastecimento de \u00e1gua no munic\u00edpio. As obras para melhoria no abastecimento de \u00e1gua no munic\u00edpio foram conclu\u00eddas.<\/p>\n<p>Em momentos de crise, o famoso clich\u00ea \u201cfa\u00e7a a sua parte\u201d vale mais do que nunca. O prefeito de Zabel\u00ea-PB. Tem procurador fazer a sua parte, e realizou investimentos em tubula\u00e7\u00f5es ligando a caixa d\u2019\u00e1gua que abastece a cidade aos po\u00e7os artesianos na zona Rural da cidade, que permitem hoje a regulariza\u00e7\u00e3o no abastecimento de \u00e1gua a popula\u00e7\u00e3o Zabeleense. Tudo isso, com recursos pr\u00f3prios, numa \u00e9poca de apertos fiscais em que passam os munic\u00edpios brasileiros \u00e9 motivo para comemorar.<\/p>\n<p>Os consumidores precisam reduzir o desperd\u00edcio e utilizar menos \u00e1gua. Mas, o peso n\u00e3o pode cair todo nas costas dos cidad\u00e3os. O poder p\u00fablico deve criar medidas de incentivo para isso. E \u00e9 dessa forma que a prefeitura de Zabel\u00ea tem feito. A gest\u00e3o municipal comprou e j\u00e1 mandou instalar a nova tubula\u00e7\u00e3o, que est\u00e1 enviando a \u00e1gua para uma caixa que abastece esta localidade.<\/p>\n<p>Para o prefeito, Dalyson Neves, o abastecimento de \u00e1gua na localidade representa o desenvolvimento. \u201c\u00c9 muito bom saber que \u00e9 poss\u00edvel o cidad\u00e3o de Zabel\u00ea contar com o abastecimento de \u00e1gua em sua pr\u00f3pria resid\u00eancia. Todo esfor\u00e7o ser\u00e1 feito para que o l\u00edquido precioso continue chegando em cada lar de nossa cidade\u201d, disse.<\/p>\n<p><strong>CARIRI EM A\u00c7\u00c3O<\/strong><\/p>\n<p><em>Com O pipoco<\/em><em>\/Foto:\u00a0O pipoco<\/em><\/p>\n<p><strong>Leia mais not\u00edcias em\u00a0<\/strong><a href=\"http:\/\/www.caririemacao.com\/\"><strong>caririemacao.com<\/strong><\/a><strong>, siga nossa p\u00e1gina no\u00a0<\/strong><a href=\"https:\/\/www.facebook.com\/CaririEmAcao\/?ref=aymt_homepage_panel\"><strong>Facebook<\/strong><\/a>,<strong>\u00a0<\/strong><a href=\"https:\/\/www.instagram.com\/cariri_em_acao\/?hl=pt-br\"><strong>Instagram<\/strong><\/a><strong>\u00a0e\u00a0<\/strong><a href=\"https:\/\/www.youtube.com\/channel\/UCAptA0jQuYQy8vMhLt2m4qg\"><strong>Youtube<\/strong><\/a><strong>\u00a0e veja nossas mat\u00e9rias, v\u00eddeos e fotos. Voc\u00ea tamb\u00e9m pode enviar informa\u00e7\u00f5es \u00e0 Reda\u00e7\u00e3o do Portal Cariri em A\u00e7\u00e3o pelo WhatsApp (83) 9 9634.5791, (83) 9 9601-1162.<\/strong><\/p>\n","protected":false},"excerpt":{"rendered":"<p>Mesmo com o total colapso de \u00e1gua nos reservat\u00f3rios da cidade de Zabel\u00ea, o prefeito Dalyson Neves, garantiu o abastecimento de \u00e1gua no munic\u00edpio. As&hellip; <\/p>\n","protected":false},"author":2,"featured_media":39158,"comment_status":"closed","ping_status":"closed","sticky":false,"template":"","format":"standard","meta":{"sfsi_plus_gutenberg_text_before_share":"","sfsi_plus_gutenberg_show_text_before_share":"","sfsi_plus_gutenberg_icon_type":"","sfsi_plus_gutenberg_icon_alignemt":"","sfsi_plus_gutenburg_max_per_row":"","footnotes":""},"categories":[6],"tags":[],"class_list":["post-39157","post","type-post","status-publish","format-standard","has-post-thumbnail","hentry","category-cidades"],"_links":{"self":[{"href":"https:\/\/www.caririemacao.com\/1\/wp-json\/wp\/v2\/posts\/39157","targetHints":{"allow":["GET"]}}],"collection":[{"href":"https:\/\/www.caririemacao.com\/1\/wp-json\/wp\/v2\/posts"}],"about":[{"href":"https:\/\/www.caririemacao.com\/1\/wp-json\/wp\/v2\/types\/post"}],"author":[{"embeddable":true,"href":"https:\/\/www.caririemacao.com\/1\/wp-json\/wp\/v2\/users\/2"}],"replies":[{"embeddable":true,"href":"https:\/\/www.caririemacao.com\/1\/wp-json\/wp\/v2\/comments?post=39157"}],"version-history":[{"count":0,"href":"https:\/\/www.caririemacao.com\/1\/wp-json\/wp\/v2\/posts\/39157\/revisions"}],"wp:featuredmedia":[{"embeddable":true,"href":"https:\/\/www.caririemacao.com\/1\/wp-json\/wp\/v2\/media\/39158"}],"wp:attachment":[{"href":"https:\/\/www.caririemacao.com\/1\/wp-json\/wp\/v2\/media?parent=39157"}],"wp:term":[{"taxonomy":"category","embeddable":true,"href":"https:\/\/www.caririemacao.com\/1\/wp-json\/wp\/v2\/categories?post=39157"},{"taxonomy":"post_tag","embeddable":true,"href":"https:\/\/www.caririemacao.com\/1\/wp-json\/wp\/v2\/tags?post=39157"}],"curies":[{"name":"wp","href":"https:\/\/api.w.org\/{rel}","templated":true}]}}