{"id":39181,"date":"2018-01-30T08:53:22","date_gmt":"2018-01-30T11:53:22","guid":{"rendered":"http:\/\/caririemacao.com\/1\/?p=39181"},"modified":"2018-01-30T08:53:22","modified_gmt":"2018-01-30T11:53:22","slug":"coronel-critica-reajuste-para-os-policiais-anunciado-pelo-governo-do-estado","status":"publish","type":"post","link":"https:\/\/www.caririemacao.com\/1\/2018\/01\/30\/coronel-critica-reajuste-para-os-policiais-anunciado-pelo-governo-do-estado\/","title":{"rendered":"Coronel critica reajuste para os policiais anunciado pelo governo do Estado"},"content":{"rendered":"<p>O presidente do Clube dos Oficiais Militares da Para\u00edba, coronel Francisco, criticou o reajuste anunciado pelo governador Ricardo Coutinho (PSB) para os policiais do Estado, que foi de 19%.<\/p>\n<p>Segundo ele, o reajuste nada mais \u00e9 do que tirar uma parcela do servi\u00e7o extra e colocar na bolsa-aux\u00edlio.<\/p>\n<p>\u2013 \u00c9 um an\u00fancio de 19%, mas que, na pr\u00f3pria fala do governador, \u00e9 simplesmente tirar uma parcela daquele servi\u00e7o extra, que \u00e9 colocada novamente na bolsa de desempenho. Ou seja, n\u00e3o configura em nenhum tipo de reajuste, pois \u00e9 uma parcela do servi\u00e7o extra, que passa para a bolsa desempenho, que tamb\u00e9m n\u00e3o comp\u00f5e a constitui\u00e7\u00e3o salarial da Pol\u00edcia Militar. \u00c9 mais um quadro de extrema dificuldade, e as pessoas que v\u00e3o para reserva, se isso se consolidar, v\u00e3o passar de 50%. Isso \u00e9 um castigo e uma agress\u00e3o muito grande. A falta de di\u00e1logo com o governo \u00e9 t\u00e3o grande que se voc\u00ea perguntar a um policial, nenhum sabe o que \u00e9. A grande verdade \u00e9 que para um soldado da ativa n\u00e3o vai ficar R$ 50 de aumento \u2013 reprovou.<\/p>\n<p><strong>CARIRI EMC A\u00c7\u00c3O<\/strong><\/p>\n<p><em>Para\u00edba online com R\u00e1dio Correio FM\/Foto: Reprodu\u00e7\u00e3o google<\/em><\/p>\n<p><strong>Leia mais not\u00edcias em\u00a0<\/strong><a href=\"http:\/\/www.caririemacao.com\/\"><strong>caririemacao.com<\/strong><\/a><strong>, siga nossa p\u00e1gina no\u00a0<\/strong><a href=\"https:\/\/www.facebook.com\/CaririEmAcao\/?ref=aymt_homepage_panel\"><strong>Facebook<\/strong><\/a>,<strong>\u00a0<\/strong><a href=\"https:\/\/www.instagram.com\/cariri_em_acao\/?hl=pt-br\"><strong>Instagram<\/strong><\/a><strong>\u00a0e\u00a0<\/strong><a href=\"https:\/\/www.youtube.com\/channel\/UCAptA0jQuYQy8vMhLt2m4qg\"><strong>Youtube<\/strong><\/a><strong>\u00a0e veja nossas mat\u00e9rias, v\u00eddeos e fotos. Voc\u00ea tamb\u00e9m pode enviar informa\u00e7\u00f5es \u00e0 Reda\u00e7\u00e3o do Portal Cariri em A\u00e7\u00e3o pelo WhatsApp (83) 9 9634.5791, (83) 9 9601-1162.<\/strong><\/p>\n","protected":false},"excerpt":{"rendered":"<p>O presidente do Clube dos Oficiais Militares da Para\u00edba, coronel Francisco, criticou o reajuste anunciado pelo governador Ricardo Coutinho (PSB) para os policiais do Estado,&hellip; <\/p>\n","protected":false},"author":2,"featured_media":39182,"comment_status":"closed","ping_status":"closed","sticky":false,"template":"","format":"standard","meta":{"sfsi_plus_gutenberg_text_before_share":"","sfsi_plus_gutenberg_show_text_before_share":"","sfsi_plus_gutenberg_icon_type":"","sfsi_plus_gutenberg_icon_alignemt":"","sfsi_plus_gutenburg_max_per_row":"","footnotes":""},"categories":[2],"tags":[],"class_list":["post-39181","post","type-post","status-publish","format-standard","has-post-thumbnail","hentry","category-geral"],"_links":{"self":[{"href":"https:\/\/www.caririemacao.com\/1\/wp-json\/wp\/v2\/posts\/39181","targetHints":{"allow":["GET"]}}],"collection":[{"href":"https:\/\/www.caririemacao.com\/1\/wp-json\/wp\/v2\/posts"}],"about":[{"href":"https:\/\/www.caririemacao.com\/1\/wp-json\/wp\/v2\/types\/post"}],"author":[{"embeddable":true,"href":"https:\/\/www.caririemacao.com\/1\/wp-json\/wp\/v2\/users\/2"}],"replies":[{"embeddable":true,"href":"https:\/\/www.caririemacao.com\/1\/wp-json\/wp\/v2\/comments?post=39181"}],"version-history":[{"count":0,"href":"https:\/\/www.caririemacao.com\/1\/wp-json\/wp\/v2\/posts\/39181\/revisions"}],"wp:featuredmedia":[{"embeddable":true,"href":"https:\/\/www.caririemacao.com\/1\/wp-json\/wp\/v2\/media\/39182"}],"wp:attachment":[{"href":"https:\/\/www.caririemacao.com\/1\/wp-json\/wp\/v2\/media?parent=39181"}],"wp:term":[{"taxonomy":"category","embeddable":true,"href":"https:\/\/www.caririemacao.com\/1\/wp-json\/wp\/v2\/categories?post=39181"},{"taxonomy":"post_tag","embeddable":true,"href":"https:\/\/www.caririemacao.com\/1\/wp-json\/wp\/v2\/tags?post=39181"}],"curies":[{"name":"wp","href":"https:\/\/api.w.org\/{rel}","templated":true}]}}