{"id":39211,"date":"2018-01-30T12:09:50","date_gmt":"2018-01-30T15:09:50","guid":{"rendered":"http:\/\/caririemacao.com\/1\/?p=39211"},"modified":"2018-01-30T12:10:24","modified_gmt":"2018-01-30T15:10:24","slug":"presidente-afirma-que-lula-nao-esta-morto-politicamente-e-que-sua-imagem-e-discurso-estarao-presentes-nas-eleicoes-de-outubro","status":"publish","type":"post","link":"https:\/\/www.caririemacao.com\/1\/2018\/01\/30\/presidente-afirma-que-lula-nao-esta-morto-politicamente-e-que-sua-imagem-e-discurso-estarao-presentes-nas-eleicoes-de-outubro\/","title":{"rendered":"Presidente afirma que Lula n\u00e3o est\u00e1 morto politicamente e que sua imagem e discurso estar\u00e3o presentes nas elei\u00e7\u00f5es de outubro"},"content":{"rendered":"<p class=\" \">O presidente Michel\u00a0Temer\u00a0disse, nesta segunda-feira (29), que mesmo se Lula for impedido de se candidatar nas elei\u00e7\u00f5es de outubro, o ex-presidente petista n\u00e3o estar\u00e1 morto politicamente. A entrevista foi concedida \u00e0 r\u00e1dio\u00a0<em>Bandeirantes<\/em>\u00a0.<\/p>\n<div id=\"ad_intext\" data-google-query-id=\"CMOi5bL5_9gCFYxShgodotkG5w\">\n<div id=\"google_ads_iframe_\/56560562\/IG\/ultimosegundo.ig.com.br\/intext_0__container__\">\n<p>Temer ponderou que o carisma, a imagem e o discurso de Lula formar\u00e3o parte do ambiente eleitoral neste ano independentemente das consequ\u00eancias da\u00a0Lei da Ficha Limpa\u00a0. Se n\u00e3o sustentados pelo pr\u00f3prio ex-presidente, por algum candidato do PT apoiado por ele, ou mesmo por algu\u00e9m de fora do partido identificado com as bandeiras petistas.<\/p>\n<p>\u201cN\u00e3o \u00e9 sem raz\u00e3o que ele ocupa uma das primeiras posi\u00e7\u00f5es nas pesquisas de opini\u00e3o\u201d, disse Temer.<\/p>\n<p>Ex-aliado do\u00a0PT\u00a0, Temer tamb\u00e9m opinou que o impedimento da candidatura do ex-presidente pela Justi\u00e7a poder\u00e1 causar tens\u00e3o no pa\u00eds.<\/p>\n<p>\u201cA sua n\u00e3o participa\u00e7\u00e3o tensiona o pa\u00eds e temos de distencionar as rela\u00e7\u00f5es. Eu, pessoalmente, acharia, sobre o foco pol\u00edtico, que se ele participasse e fosse derrotado, seria melhor para o pa\u00eds\u201d, analisou.<\/p>\n<p>Durante a entrevista, Temer voltou a afirmar que gostaria de apoiar algum candidato que defenda as reformas econ\u00f4micas de seu governo. Ele acrescentou, ainda, que usar\u00e1 o tempo que lhe resta no Planalto para fazer uma \u201cdefesa moral\u201d de sua gest\u00e3o.<\/p>\n<p>A fala do presidente vem na esteira da confirma\u00e7\u00e3o, em segunda inst\u00e2ncia, da condena\u00e7\u00e3o de Lula na a\u00e7\u00e3o penal envolvendo o tr\u00edplex no Guaruj\u00e1 (SP). O tribunal aumentou a pena do ex-presidente para 12 anos e um m\u00eas de pris\u00e3o.<\/p>\n<p>Na decis\u00e3o, seguindo entendimento do STF, os desembargadores entenderam que a execu\u00e7\u00e3o da pena deve come\u00e7ar ap\u00f3s o fim dos recursos na segunda inst\u00e2ncia da Justi\u00e7a Federal. Isso quer dizer que, nos pr\u00f3ximos meses, o ex-presidente pode ter a sua pris\u00e3o declarada.<\/p>\n<p>Como foi condenado por um \u00f3rg\u00e3o colegiado, tamb\u00e9m, o Lula pode ser enquadrado na Lei da Ficha Limpa, sendo impedido de se candidatar nas elei\u00e7\u00f5es deste ano.<\/p>\n<p><strong>CARIRI EM A\u00c7\u00c3O<\/strong><\/p>\n<p><em>Com \u00daltimo Segundo\/Foto: Reprodu\u00e7\u00e3o Internet<\/em><\/p>\n<p><strong>Leia mais not\u00edcias em\u00a0<\/strong><a href=\"http:\/\/www.caririemacao.com\/\"><strong>caririemacao.com<\/strong><\/a><strong>, siga nossa p\u00e1gina no\u00a0<\/strong><a href=\"https:\/\/www.facebook.com\/CaririEmAcao\/?ref=aymt_homepage_panel\"><strong>Facebook<\/strong><\/a>,<strong>\u00a0<\/strong><a href=\"https:\/\/www.instagram.com\/cariri_em_acao\/?hl=pt-br\"><strong>Instagram<\/strong><\/a><strong>\u00a0e <\/strong><a href=\"https:\/\/www.youtube.com\/channel\/UCAptA0jQuYQy8vMhLt2m4qg\"><strong>Youtube<\/strong><\/a><strong>\u00a0e veja nossas mat\u00e9rias, v\u00eddeos e fotos. Voc\u00ea tamb\u00e9m pode enviar informa\u00e7\u00f5es \u00e0 Reda\u00e7\u00e3o do Portal Cariri em A\u00e7\u00e3o pelo WhatsApp (83) 9 9634.5791, (83) 9 9601-1162.<\/strong><\/p>\n<\/div>\n<\/div>\n","protected":false},"excerpt":{"rendered":"<p>O presidente Michel\u00a0Temer\u00a0disse, nesta segunda-feira (29), que mesmo se Lula for impedido de se candidatar nas elei\u00e7\u00f5es de outubro, o ex-presidente petista n\u00e3o estar\u00e1 morto&hellip; <\/p>\n","protected":false},"author":2,"featured_media":39215,"comment_status":"closed","ping_status":"closed","sticky":false,"template":"","format":"standard","meta":{"sfsi_plus_gutenberg_text_before_share":"","sfsi_plus_gutenberg_show_text_before_share":"","sfsi_plus_gutenberg_icon_type":"","sfsi_plus_gutenberg_icon_alignemt":"","sfsi_plus_gutenburg_max_per_row":"","footnotes":""},"categories":[11],"tags":[],"class_list":["post-39211","post","type-post","status-publish","format-standard","has-post-thumbnail","hentry","category-politica"],"_links":{"self":[{"href":"https:\/\/www.caririemacao.com\/1\/wp-json\/wp\/v2\/posts\/39211","targetHints":{"allow":["GET"]}}],"collection":[{"href":"https:\/\/www.caririemacao.com\/1\/wp-json\/wp\/v2\/posts"}],"about":[{"href":"https:\/\/www.caririemacao.com\/1\/wp-json\/wp\/v2\/types\/post"}],"author":[{"embeddable":true,"href":"https:\/\/www.caririemacao.com\/1\/wp-json\/wp\/v2\/users\/2"}],"replies":[{"embeddable":true,"href":"https:\/\/www.caririemacao.com\/1\/wp-json\/wp\/v2\/comments?post=39211"}],"version-history":[{"count":0,"href":"https:\/\/www.caririemacao.com\/1\/wp-json\/wp\/v2\/posts\/39211\/revisions"}],"wp:featuredmedia":[{"embeddable":true,"href":"https:\/\/www.caririemacao.com\/1\/wp-json\/wp\/v2\/media\/39215"}],"wp:attachment":[{"href":"https:\/\/www.caririemacao.com\/1\/wp-json\/wp\/v2\/media?parent=39211"}],"wp:term":[{"taxonomy":"category","embeddable":true,"href":"https:\/\/www.caririemacao.com\/1\/wp-json\/wp\/v2\/categories?post=39211"},{"taxonomy":"post_tag","embeddable":true,"href":"https:\/\/www.caririemacao.com\/1\/wp-json\/wp\/v2\/tags?post=39211"}],"curies":[{"name":"wp","href":"https:\/\/api.w.org\/{rel}","templated":true}]}}