{"id":39212,"date":"2018-01-30T12:07:52","date_gmt":"2018-01-30T15:07:52","guid":{"rendered":"http:\/\/caririemacao.com\/1\/?p=39212"},"modified":"2018-01-30T12:07:52","modified_gmt":"2018-01-30T15:07:52","slug":"saude-de-sume-mantem-atendimento-noturno-odontologico-para-trabalhadores","status":"publish","type":"post","link":"https:\/\/www.caririemacao.com\/1\/2018\/01\/30\/saude-de-sume-mantem-atendimento-noturno-odontologico-para-trabalhadores\/","title":{"rendered":"Sa\u00fade de Sum\u00e9 mant\u00e9m atendimento noturno odontol\u00f3gico para trabalhadores"},"content":{"rendered":"<p>A Secretaria de Sa\u00fade de Sum\u00e9 continua com o servi\u00e7o agendado de atendimento odontol\u00f3gico noturno na unidade de sa\u00fade do centro da cidade.<\/p>\n<p>Desde o ano passado que a Prefeitura come\u00e7ou a ofertar o atendimento dessa maneira para aquelas pessoas que trabalham durante todo o dia e n\u00e3o tem como comparecer \u00e0s unidades de sa\u00fade no seu hor\u00e1rio de funcionamento.<\/p>\n<p>De acordo com a secret\u00e1ria Alessandra Regina, a experi\u00eancia bem sucedida fez com que a Secretaria continuasse com esse atendimento em 2018. Ela destacou o trabalho realizado pelos profissionais que fazem esse atendimento \u00e0 noite, o dentista Wellington e a t\u00e9cnica em Sa\u00fade Bucal, Rossione Rafael.<\/p>\n<p>O servi\u00e7o de atendimento noturno, especialmente para servidores p\u00fablicos e trabalhadores do setor privado, funciona com agendamento pr\u00e9vio que deve ser feito de segunda \u00e0 sexta-feira, \u00e0s 10h e \u00e0s 16h, na unidade de sa\u00fade do centro com a t\u00e9cnica Rossione.<\/p>\n<p>Os dias de atendimento para os agendados acontecem \u00e0s segundas, ter\u00e7as e quartas, \u00e0s 18h, na mesma unidade.<\/p>\n<p><strong>CARIRI EM A\u00c7\u00c3O<\/strong><\/p>\n<p>Ascom<\/p>\n<p>Leia mais not\u00edcias em\u00a0<a href=\"http:\/\/www.caririemacao.com\/\">caririemacao.com<\/a>, siga nossa p\u00e1gina no\u00a0<a href=\"https:\/\/www.facebook.com\/CaririEmAcao\/?ref=aymt_homepage_panel\">Facebook<\/a>,\u00a0<a href=\"https:\/\/www.instagram.com\/cariri_em_acao\/?hl=pt-br\">Instagram<\/a>\u00a0e\u00a0<a href=\"https:\/\/www.youtube.com\/channel\/UCAptA0jQuYQy8vMhLt2m4qg\">Youtube<\/a>\u00a0e veja nossas mat\u00e9rias, v\u00eddeos e fotos. Voc\u00ea tamb\u00e9m pode enviar informa\u00e7\u00f5es \u00e0 Reda\u00e7\u00e3o do Portal Cariri em A\u00e7\u00e3o pelo WhatsApp (83) 9 9634.5791, (83) 9 9601-1162.<\/p>\n","protected":false},"excerpt":{"rendered":"<p>A Secretaria de Sa\u00fade de Sum\u00e9 continua com o servi\u00e7o agendado de atendimento odontol\u00f3gico noturno na unidade de sa\u00fade do centro da cidade. Desde o&hellip; <\/p>\n","protected":false},"author":2,"featured_media":39213,"comment_status":"closed","ping_status":"closed","sticky":false,"template":"","format":"standard","meta":{"sfsi_plus_gutenberg_text_before_share":"","sfsi_plus_gutenberg_show_text_before_share":"","sfsi_plus_gutenberg_icon_type":"","sfsi_plus_gutenberg_icon_alignemt":"","sfsi_plus_gutenburg_max_per_row":"","footnotes":""},"categories":[6],"tags":[],"class_list":["post-39212","post","type-post","status-publish","format-standard","has-post-thumbnail","hentry","category-cidades"],"_links":{"self":[{"href":"https:\/\/www.caririemacao.com\/1\/wp-json\/wp\/v2\/posts\/39212","targetHints":{"allow":["GET"]}}],"collection":[{"href":"https:\/\/www.caririemacao.com\/1\/wp-json\/wp\/v2\/posts"}],"about":[{"href":"https:\/\/www.caririemacao.com\/1\/wp-json\/wp\/v2\/types\/post"}],"author":[{"embeddable":true,"href":"https:\/\/www.caririemacao.com\/1\/wp-json\/wp\/v2\/users\/2"}],"replies":[{"embeddable":true,"href":"https:\/\/www.caririemacao.com\/1\/wp-json\/wp\/v2\/comments?post=39212"}],"version-history":[{"count":0,"href":"https:\/\/www.caririemacao.com\/1\/wp-json\/wp\/v2\/posts\/39212\/revisions"}],"wp:featuredmedia":[{"embeddable":true,"href":"https:\/\/www.caririemacao.com\/1\/wp-json\/wp\/v2\/media\/39213"}],"wp:attachment":[{"href":"https:\/\/www.caririemacao.com\/1\/wp-json\/wp\/v2\/media?parent=39212"}],"wp:term":[{"taxonomy":"category","embeddable":true,"href":"https:\/\/www.caririemacao.com\/1\/wp-json\/wp\/v2\/categories?post=39212"},{"taxonomy":"post_tag","embeddable":true,"href":"https:\/\/www.caririemacao.com\/1\/wp-json\/wp\/v2\/tags?post=39212"}],"curies":[{"name":"wp","href":"https:\/\/api.w.org\/{rel}","templated":true}]}}