{"id":39217,"date":"2018-01-30T12:13:42","date_gmt":"2018-01-30T15:13:42","guid":{"rendered":"http:\/\/caririemacao.com\/1\/?p=39217"},"modified":"2018-01-30T12:13:42","modified_gmt":"2018-01-30T15:13:42","slug":"briga-entre-faccoes-rivais-deixa-dez-mortos-em-cadeia-no-interior-do-ceara","status":"publish","type":"post","link":"https:\/\/www.caririemacao.com\/1\/2018\/01\/30\/briga-entre-faccoes-rivais-deixa-dez-mortos-em-cadeia-no-interior-do-ceara\/","title":{"rendered":"Briga entre fac\u00e7\u00f5es rivais deixa dez mortos em cadeia no interior do Cear\u00e1"},"content":{"rendered":"<p class=\" \">Dez detentos morreram durante briga entre integrantes de fac\u00e7\u00f5es rivais na manh\u00e3 desta segunda-feira (29) na\u00a0Cadeira P\u00fablica de Itapaj\u00e9, munic\u00edpio do norte do Cear\u00e1. Segundo a Secretaria da Justi\u00e7a do estado (Sejus),\u00a0o controle\u00a0do pres\u00eddio foi restabelecido ap\u00f3s interven\u00e7\u00e3o de agentes penitenci\u00e1rios e de policiais do munic\u00edpio, localizado a cerca de 130 quil\u00f4metros da capital, Fortaleza.<\/p>\n<p>Esse novo epis\u00f3dio de viol\u00eancia ocorre apenas\u00a0dois dias ap\u00f3s o\u00a0Cear\u00e1\u00a0ter vivenciado sua maior chacina, no s\u00e1bado (27), quando\u00a0\u00a0homens armados mataram 14 pessoas ao invadir festa em uma casa de shows\u00a0no bairro Cajazeiras, na periferia de Fortaleza.<\/p>\n<p>Continuam internadas em hospitais da cidade cinco pessoas feridas durante aquele tiroteio. Um homem e tr\u00eas mulheres, sendo duas adolescentes, passaram por cirurgia e est\u00e3o no Instituto Dr. Jos\u00e9 Frota (IJF). A assessoria do hospital n\u00e3o divulgou o estado de sa\u00fade deles.<\/p>\n<p>O quinto ferido est\u00e1 no Hospital Distrital Edmilson Barros, unidade de aten\u00e7\u00e3o secund\u00e1ria. Ele passou por cirurgia e seu estado de sa\u00fade \u00e9 est\u00e1vel.<\/p>\n<p>No domingo (28), parte das 14 pessoas assassinadas foi sepultada em cemit\u00e9rios da cidade. Uma das v\u00edtimas vendia lanches em frente \u00e0 casa de shows e foi um dos primeiros a ser atingido pelos tiros, disparados por um grupo armado que invadiu a festa.<\/p>\n<p><strong>Governo federal envia ajuda\u00a0<\/strong><\/p>\n<p>O Minist\u00e9rio da Justi\u00e7a vai auxiliar as for\u00e7as de seguran\u00e7a do Cear\u00e1 nas investiga\u00e7\u00f5es sobre a chacina. Uma for\u00e7a-tarefa formada por integrantes da Secretaria Nacional de Seguran\u00e7a P\u00fablica, das pol\u00edcias Federal e Rodovi\u00e1ria Federal e do Departamento Penitenci\u00e1rio Nacional dar\u00e3o suporte \u00e0 Secretaria da Seguran\u00e7a P\u00fablica e Defesa Social (SSPDS).<\/p>\n<p>Em nota, o minist\u00e9rio informou que \u201co refor\u00e7o tem objetivo de propiciar aos \u00f3rg\u00e3os de seguran\u00e7a do estado que atuem para reprimir de forma exemplar a a\u00e7\u00e3o de grupos criminosos envolvidos na chacina\u201d.<\/p>\n<p>Em coletiva de imprensa realizada domingo (28), o governador do Cear\u00e1, Camilo Santana (PT), cobrou do governo federal a\u00e7\u00f5es efetivas de combate ao crime organizado.<\/p>\n<p>\u201cEstamos pagando um pre\u00e7o muito caro hoje por falta de uma pol\u00edtica nacional [de combate ao crime organizado]. O tr\u00e1fico e essas fac\u00e7\u00f5es come\u00e7aram no Rio e em S\u00e3o Paulo e se espalharam pelo Brasil inteiro. \u00c9 uma briga de territ\u00f3rios. Precisa ter uma a\u00e7\u00e3o integrada e o governo federal precisa cumprir o seu papel.\u201d<\/p>\n<p>Na nota divulgada pelo Minist\u00e9rio da Justi\u00e7a, o ministro Torquato Jardim \u201creafirma que a Uni\u00e3o seguir\u00e1 cumprindo o papel de oferecer apoio t\u00e9cnico e financeiro aos estados, como vem fazendo regularmente, para que os \u00f3rg\u00e3os de seguran\u00e7a p\u00fablica trabalhem de forma integrada e harmoniosa, ainda que os governantes n\u00e3o solicitem apoio por raz\u00f5es eminentemente pol\u00edticas.\u201d<\/p>\n<p>Das cinco pessoas suspeitas de participar da a\u00e7\u00e3o, a Pol\u00edcia Militar do Cear\u00e1 aponta que tr\u00eas seriam os mandantes da chacina. As for\u00e7as de seguran\u00e7a n\u00e3o confirmam se a a\u00e7\u00e3o criminosa teve a participa\u00e7\u00e3o de fac\u00e7\u00f5es.<\/p>\n<p><strong>CARIRI EM A\u00c7\u00c3O<\/strong><\/p>\n<p><em>Com \u00a0Ag\u00eancia Brasil\/Foto: Divulga\u00e7\u00e3o \u00a0<\/em><\/p>\n<p><strong>Leia mais not\u00edcias em\u00a0<\/strong><a href=\"http:\/\/www.caririemacao.com\/\"><strong>caririemacao.com<\/strong><\/a><strong>, siga nossa p\u00e1gina no\u00a0<\/strong><a href=\"https:\/\/www.facebook.com\/CaririEmAcao\/?ref=aymt_homepage_panel\"><strong>Facebook<\/strong><\/a>,<strong>\u00a0<\/strong><a href=\"https:\/\/www.instagram.com\/cariri_em_acao\/?hl=pt-br\"><strong>Instagram<\/strong><\/a><strong>\u00a0e <\/strong><a href=\"https:\/\/www.youtube.com\/channel\/UCAptA0jQuYQy8vMhLt2m4qg\"><strong>Youtube<\/strong><\/a><strong>\u00a0e veja nossas mat\u00e9rias, v\u00eddeos e fotos. Voc\u00ea tamb\u00e9m pode enviar informa\u00e7\u00f5es \u00e0 Reda\u00e7\u00e3o do Portal Cariri em A\u00e7\u00e3o pelo WhatsApp (83) 9 9634.5791, (83) 9 9601-1162.<\/strong><\/p>\n","protected":false},"excerpt":{"rendered":"<p>Dez detentos morreram durante briga entre integrantes de fac\u00e7\u00f5es rivais na manh\u00e3 desta segunda-feira (29) na\u00a0Cadeira P\u00fablica de Itapaj\u00e9, munic\u00edpio do norte do Cear\u00e1. Segundo&hellip; <\/p>\n","protected":false},"author":2,"featured_media":39218,"comment_status":"closed","ping_status":"closed","sticky":false,"template":"","format":"standard","meta":{"sfsi_plus_gutenberg_text_before_share":"","sfsi_plus_gutenberg_show_text_before_share":"","sfsi_plus_gutenberg_icon_type":"","sfsi_plus_gutenberg_icon_alignemt":"","sfsi_plus_gutenburg_max_per_row":"","footnotes":""},"categories":[12],"tags":[],"class_list":["post-39217","post","type-post","status-publish","format-standard","has-post-thumbnail","hentry","category-policia"],"_links":{"self":[{"href":"https:\/\/www.caririemacao.com\/1\/wp-json\/wp\/v2\/posts\/39217","targetHints":{"allow":["GET"]}}],"collection":[{"href":"https:\/\/www.caririemacao.com\/1\/wp-json\/wp\/v2\/posts"}],"about":[{"href":"https:\/\/www.caririemacao.com\/1\/wp-json\/wp\/v2\/types\/post"}],"author":[{"embeddable":true,"href":"https:\/\/www.caririemacao.com\/1\/wp-json\/wp\/v2\/users\/2"}],"replies":[{"embeddable":true,"href":"https:\/\/www.caririemacao.com\/1\/wp-json\/wp\/v2\/comments?post=39217"}],"version-history":[{"count":0,"href":"https:\/\/www.caririemacao.com\/1\/wp-json\/wp\/v2\/posts\/39217\/revisions"}],"wp:featuredmedia":[{"embeddable":true,"href":"https:\/\/www.caririemacao.com\/1\/wp-json\/wp\/v2\/media\/39218"}],"wp:attachment":[{"href":"https:\/\/www.caririemacao.com\/1\/wp-json\/wp\/v2\/media?parent=39217"}],"wp:term":[{"taxonomy":"category","embeddable":true,"href":"https:\/\/www.caririemacao.com\/1\/wp-json\/wp\/v2\/categories?post=39217"},{"taxonomy":"post_tag","embeddable":true,"href":"https:\/\/www.caririemacao.com\/1\/wp-json\/wp\/v2\/tags?post=39217"}],"curies":[{"name":"wp","href":"https:\/\/api.w.org\/{rel}","templated":true}]}}