{"id":39220,"date":"2018-01-30T12:23:48","date_gmt":"2018-01-30T15:23:48","guid":{"rendered":"http:\/\/caririemacao.com\/1\/?p=39220"},"modified":"2018-01-30T12:24:17","modified_gmt":"2018-01-30T15:24:17","slug":"conta-de-luz-vai-ficar-1821-mais-cara-em-cg-e-regiao","status":"publish","type":"post","link":"https:\/\/www.caririemacao.com\/1\/2018\/01\/30\/conta-de-luz-vai-ficar-1821-mais-cara-em-cg-e-regiao\/","title":{"rendered":"Conta de luz vai ficar 18,21% mais cara em CG e regi\u00e3o"},"content":{"rendered":"<p>A Ag\u00eancia Nacional de Energia El\u00e9trica (Aneel) aprovou nesta ter\u00e7a-feira (30), em Bras\u00edlia, o Reajuste Tarif\u00e1rio da Energisa Borborema (EBO), que valer\u00e1 a partir de 4 de fevereiro de 2018. O efeito m\u00e9dio a ser percebido pelo consumidor \u00e9 de 18,21%. Para os clientes da Baixa Tens\u00e3o (residencial e comercial) a corre\u00e7\u00e3o ser\u00e1 de 16,83% e para os da Alta Tens\u00e3o, 21,54%.<\/p>\n<p>Os principais motivos para a corre\u00e7\u00e3o da tarifa s\u00e3o os itens relacionados \u00e0 gera\u00e7\u00e3o, como a compra de energia e o servi\u00e7o de transmiss\u00e3o. O reajuste tarif\u00e1rio \u00e9 um processo regulado pela Aneel, previsto no contrato de concess\u00e3o da empresa. Estes contratos apresentam regras bem definidas a respeito das contas de luz, bem como a metodologia de c\u00e1lculo dos reajustes.<\/p>\n<p>A Energisa Borborema \u00e9 respons\u00e1vel pela distribui\u00e7\u00e3o de energia em seis munic\u00edpios da Para\u00edba \u2013 Campina Grande, Queimadas, Fagundes, Boa Vista, Massaranduba e Lagoa Seca.<\/p>\n<p><strong>CARIRI EM A\u00c7\u00c3O<\/strong><\/p>\n<p><em>Com\u00a0Portal Correio \/Foto: Reprodu\u00e7\u00e3o Internet\u00a0\u00a0<\/em><\/p>\n<p><strong>Leia mais not\u00edcias em\u00a0<\/strong><a href=\"http:\/\/www.caririemacao.com\/\"><strong>caririemacao.com<\/strong><\/a><strong>, siga nossa p\u00e1gina no\u00a0<\/strong><a href=\"https:\/\/www.facebook.com\/CaririEmAcao\/?ref=aymt_homepage_panel\"><strong>Facebook<\/strong><\/a>,<strong>\u00a0<\/strong><a href=\"https:\/\/www.instagram.com\/cariri_em_acao\/?hl=pt-br\"><strong>Instagram<\/strong><\/a><strong>\u00a0e <\/strong><a href=\"https:\/\/www.youtube.com\/channel\/UCAptA0jQuYQy8vMhLt2m4qg\"><strong>Youtube<\/strong><\/a><strong>\u00a0e veja nossas mat\u00e9rias, v\u00eddeos e fotos. Voc\u00ea tamb\u00e9m pode enviar informa\u00e7\u00f5es \u00e0 Reda\u00e7\u00e3o do Portal Cariri em A\u00e7\u00e3o pelo WhatsApp (83) 9 9634.5791, (83) 9 9601-1162.<\/strong><\/p>\n","protected":false},"excerpt":{"rendered":"<p>A Ag\u00eancia Nacional de Energia El\u00e9trica (Aneel) aprovou nesta ter\u00e7a-feira (30), em Bras\u00edlia, o Reajuste Tarif\u00e1rio da Energisa Borborema (EBO), que valer\u00e1 a partir de&hellip; <\/p>\n","protected":false},"author":2,"featured_media":24969,"comment_status":"closed","ping_status":"closed","sticky":false,"template":"","format":"standard","meta":{"sfsi_plus_gutenberg_text_before_share":"","sfsi_plus_gutenberg_show_text_before_share":"","sfsi_plus_gutenberg_icon_type":"","sfsi_plus_gutenberg_icon_alignemt":"","sfsi_plus_gutenburg_max_per_row":"","footnotes":""},"categories":[2],"tags":[],"class_list":["post-39220","post","type-post","status-publish","format-standard","has-post-thumbnail","hentry","category-geral"],"_links":{"self":[{"href":"https:\/\/www.caririemacao.com\/1\/wp-json\/wp\/v2\/posts\/39220","targetHints":{"allow":["GET"]}}],"collection":[{"href":"https:\/\/www.caririemacao.com\/1\/wp-json\/wp\/v2\/posts"}],"about":[{"href":"https:\/\/www.caririemacao.com\/1\/wp-json\/wp\/v2\/types\/post"}],"author":[{"embeddable":true,"href":"https:\/\/www.caririemacao.com\/1\/wp-json\/wp\/v2\/users\/2"}],"replies":[{"embeddable":true,"href":"https:\/\/www.caririemacao.com\/1\/wp-json\/wp\/v2\/comments?post=39220"}],"version-history":[{"count":0,"href":"https:\/\/www.caririemacao.com\/1\/wp-json\/wp\/v2\/posts\/39220\/revisions"}],"wp:featuredmedia":[{"embeddable":true,"href":"https:\/\/www.caririemacao.com\/1\/wp-json\/wp\/v2\/media\/24969"}],"wp:attachment":[{"href":"https:\/\/www.caririemacao.com\/1\/wp-json\/wp\/v2\/media?parent=39220"}],"wp:term":[{"taxonomy":"category","embeddable":true,"href":"https:\/\/www.caririemacao.com\/1\/wp-json\/wp\/v2\/categories?post=39220"},{"taxonomy":"post_tag","embeddable":true,"href":"https:\/\/www.caririemacao.com\/1\/wp-json\/wp\/v2\/tags?post=39220"}],"curies":[{"name":"wp","href":"https:\/\/api.w.org\/{rel}","templated":true}]}}